{"id":35603,"date":"2026-09-04T21:37:00","date_gmt":"2026-09-05T00:37:00","guid":{"rendered":"https:\/\/acontecenafronteira.com.br\/?p=35603"},"modified":"2026-09-04T21:37:00","modified_gmt":"2026-09-05T00:37:00","slug":"neymar-sofre-lesao-e-desfalca-o-santos-no-brasileirao","status":"publish","type":"post","link":"https:\/\/acontecenafronteira.com.br\/index.php\/2026\/09\/04\/neymar-sofre-lesao-e-desfalca-o-santos-no-brasileirao\/","title":{"rendered":"Neymar sofre les\u00e3o e desfalca o Santos no Brasileir\u00e3o"},"content":{"rendered":"<p>O departamento m\u00e9dico do Santos confirmou nesta sexta-feira (4\/9) que o atacante <strong>Neymar<\/strong> sofreu uma les\u00e3o muscular do tipo 2B no reto anterior da coxa direita, o que deve deix\u00e1-lo afastado dos gramados por um per\u00edodo estimado entre quatro e seis semanas.<\/p>\n<h2>Impacto na equipe e jogos perdidos<\/h2>\n<p>\nCom a aus\u00eancia prevista para cerca de um m\u00eas, o camisa 10 desfalcar\u00e1 o Alvinegro Praiano em compromissos cruciateis pelo Campeonato Brasileiro e tamb\u00e9m em torneios continentais, desfalcando o time em partidas decisivas da temporada.<\/p>\n<h2>Detalhes da recupera\u00e7\u00e3o do atleta<\/h2>\n<p>\nDe acordo com especialistas em fisioterapia desportiva, a \u00e1rea lesionada exige cuidado redobrado, pois \u00e9 altamente exigida em a\u00e7\u00f5es como chutes, arrancadas e frenagens, sendo necess\u00e1rio total conforto do jogador para evitar recidivas antes do retorno oficial.<\/p>\n<p>Outro aspecto relevante envolve as baixas m\u00e9dicas no elenco santista, que tamb\u00e9m registrou problemas f\u00edsicos com outros atletas importantes, como o ponta Barreal, diagnosticado com les\u00e3o no b\u00edceps femoral, e o zagueiro Lucas Ver\u00edssimo, lidando com dores no tornozelo direito.<\/p>\n<p>Enquanto o prazo para Barreal \u00e9 estimado entre tr\u00eas e quatro semanas, a situa\u00e7\u00e3o de Lucas Ver\u00edssimo ainda carece de prazos definidos devido \u00e0 necessidade de avalia\u00e7\u00f5es mais profundas sobre a gravidade da entorse sofrida pelo defensor.<\/p>\n<p>A equipe santista ter\u00e1 de encontrar solu\u00e7\u00f5es r\u00e1pidas no plantel para suprir a aus\u00eancia de suas principais pe\u00e7as e manter o rendimento nas rodadas seguintes do Campeonato Brasileiro.<\/p>\n<p>Por Reda\u00e7\u00e3o Acontece<\/p>\n<p>Ana Julia Guerreiro\/Eurasia Sport Images\/Getty Images<\/p>\n","protected":false},"excerpt":{"rendered":"<p>O departamento m\u00e9dico do Santos confirmou nesta sexta-feira (4\/9) que o atacante Neymar sofreu uma les\u00e3o muscular do tipo 2B no reto anterior da coxa direita, o que deve deix\u00e1-lo afastado dos gramados por um per\u00edodo estimado entre quatro e seis semanas. Impacto na equipe e jogos perdidos Com a aus\u00eancia prevista para cerca de [&hellip;]<\/p>\n","protected":false},"author":0,"featured_media":35609,"comment_status":"open","ping_status":"open","sticky":false,"template":"","format":"standard","meta":{"footnotes":""},"categories":[6],"tags":[],"class_list":["post-35603","post","type-post","status-publish","format-standard","has-post-thumbnail","hentry","category-mercosul"],"_links":{"self":[{"href":"https:\/\/acontecenafronteira.com.br\/index.php\/wp-json\/wp\/v2\/posts\/35603","targetHints":{"allow":["GET"]}}],"collection":[{"href":"https:\/\/acontecenafronteira.com.br\/index.php\/wp-json\/wp\/v2\/posts"}],"about":[{"href":"https:\/\/acontecenafronteira.com.br\/index.php\/wp-json\/wp\/v2\/types\/post"}],"replies":[{"embeddable":true,"href":"https:\/\/acontecenafronteira.com.br\/index.php\/wp-json\/wp\/v2\/comments?post=35603"}],"version-history":[{"count":1,"href":"https:\/\/acontecenafronteira.com.br\/index.php\/wp-json\/wp\/v2\/posts\/35603\/revisions"}],"predecessor-version":[{"id":35608,"href":"https:\/\/acontecenafronteira.com.br\/index.php\/wp-json\/wp\/v2\/posts\/35603\/revisions\/35608"}],"wp:featuredmedia":[{"embeddable":true,"href":"https:\/\/acontecenafronteira.com.br\/index.php\/wp-json\/wp\/v2\/media\/35609"}],"wp:attachment":[{"href":"https:\/\/acontecenafronteira.com.br\/index.php\/wp-json\/wp\/v2\/media?parent=35603"}],"wp:term":[{"taxonomy":"category","embeddable":true,"href":"https:\/\/acontecenafronteira.com.br\/index.php\/wp-json\/wp\/v2\/categories?post=35603"},{"taxonomy":"post_tag","embeddable":true,"href":"https:\/\/acontecenafronteira.com.br\/index.php\/wp-json\/wp\/v2\/tags?post=35603"}],"curies":[{"name":"wp","href":"https:\/\/api.w.org\/{rel}","templated":true}]}}