{"id":35592,"date":"2026-09-04T21:36:52","date_gmt":"2026-09-05T00:36:52","guid":{"rendered":"https:\/\/acontecenafronteira.com.br\/?p=35592"},"modified":"2026-09-04T21:36:52","modified_gmt":"2026-09-05T00:36:52","slug":"plata-desfalca-o-flamengo-contra-o-remo-no-brasileirao","status":"publish","type":"post","link":"https:\/\/acontecenafronteira.com.br\/index.php\/2026\/09\/04\/plata-desfalca-o-flamengo-contra-o-remo-no-brasileirao\/","title":{"rendered":"Plata desfalca o Flamengo contra o Remo no Brasileir\u00e3o"},"content":{"rendered":"<p>Plata desfalca o Flamengo contra o Remo no Brasileir\u00e3o Gonzalo Plata n\u00e3o chega ao Rio a tempo e desfalca o Flamengo contra o Remo pelo Brasileir\u0101o. Entenda a pol\u00eamica da viagem e a negocia\u00e7\u00e3o. O atacante Gonzalo Plata n\u00e3o estar\u00e1 \u00e0 disposi\u00e7\u00e3o do Flamengo para a partida contra o Remo, v\u00e1lida pelo Campeonato Brasileiro, que acontece neste domingo no est\u00e1dio Mangueir\u00e3o. A aus\u00eancia foi confirmada ap\u00f3s um desencontro de informa\u00e7\u00f5es sobre a data de retorno do jogador equatoriano ao Rio de Janeiro. <\/p>\n<h2>A pol\u00eamica do retorno e a escala em Dubai<\/h2>\n<p> Enquanto a diretoria rubro-negra esperava o desembarque do atleta na capital fluminense, o pr\u00f3prio jogador compartilhou registros nas redes sociais jantando em Dubai, nos Emirados \u00c1rabes Unidos. O clube carioca alegou que recebeu dados incorretos dos representantes do atleta, ao passo que o estafe do jogador garantiu que o voo de volta sempre esteve programado apenas para o s\u00e1bado. <\/p>\n<h2>Negocia\u00e7\u00f5es e futuro incerto na temporada<\/h2>\n<p> A indefini\u00e7\u00e3o sobre o paradeiro de Plata ocorre em meio ao fracasso na sua transfer\u00eancia para o D\u00ednamo de Moscou. O atacante revelou publicamente que aguarda na \u00c1sia a avalia\u00e7\u00e3o de propostas de equipes locais, embora tanto o clube brasileiro quanto os empres\u00e1rios do atleta neguem qualquer tratativa de sa\u00edda neste momento, refor\u00e7ando que a comiss\u00e3o t\u00e9cnica conta com seu futebol para os pr\u00f3ximos compromisros. <\/p>\n<h2>D\u00favida para a Libertadores da Am\u00e9rica<\/h2>\n<p> Mesmo sem o imbr\u00f3glio da viagem, a escala\u00e7\u00e3o do equatoriano para o compromisso pelo Brasileir\u00e3o j\u00e1 era improv\u00e1vel devido \u00e0 falta de treinamentos ao longo da semana. Contudo, o atraso transformou a aus\u00eancia em certeza e gerou apreens\u00e3o nos bastidores, tornando incerta tamb\u00e9m a sua participa\u00e7\u00e3o no confronto de ida das quartas de final da Libertadores da Am\u00e9rica contra o Independiente del Valle, agendado para a pr\u00f3xima quinta-feira no Equador. O Flamengo segue monitorando a situa\u00e7\u00e3o log\u00edstica do atleta, que poder\u00e1 ter que se juntar diretamente \u00e0 delega\u00e7\u00e3o em seu pa\u00eds natal para o importante compromisso continental. Por Reda\u00e7\u00e3o Acontece Reprodu\u00e7\u00e3o<\/p>\n","protected":false},"excerpt":{"rendered":"<p>Plata desfalca o Flamengo contra o Remo no Brasileir\u00e3o Gonzalo Plata n\u00e3o chega ao Rio a tempo e desfalca o Flamengo contra o Remo pelo Brasileir\u0101o. Entenda a pol\u00eamica da viagem e a negocia\u00e7\u00e3o. O atacante Gonzalo Plata n\u00e3o estar\u00e1 \u00e0 disposi\u00e7\u00e3o do Flamengo para a partida contra o Remo, v\u00e1lida pelo Campeonato Brasileiro, que [&hellip;]<\/p>\n","protected":false},"author":0,"featured_media":35601,"comment_status":"open","ping_status":"open","sticky":false,"template":"","format":"standard","meta":{"footnotes":""},"categories":[28],"tags":[],"class_list":["post-35592","post","type-post","status-publish","format-standard","has-post-thumbnail","hentry","category-mundo"],"_links":{"self":[{"href":"https:\/\/acontecenafronteira.com.br\/index.php\/wp-json\/wp\/v2\/posts\/35592","targetHints":{"allow":["GET"]}}],"collection":[{"href":"https:\/\/acontecenafronteira.com.br\/index.php\/wp-json\/wp\/v2\/posts"}],"about":[{"href":"https:\/\/acontecenafronteira.com.br\/index.php\/wp-json\/wp\/v2\/types\/post"}],"replies":[{"embeddable":true,"href":"https:\/\/acontecenafronteira.com.br\/index.php\/wp-json\/wp\/v2\/comments?post=35592"}],"version-history":[{"count":1,"href":"https:\/\/acontecenafronteira.com.br\/index.php\/wp-json\/wp\/v2\/posts\/35592\/revisions"}],"predecessor-version":[{"id":35600,"href":"https:\/\/acontecenafronteira.com.br\/index.php\/wp-json\/wp\/v2\/posts\/35592\/revisions\/35600"}],"wp:featuredmedia":[{"embeddable":true,"href":"https:\/\/acontecenafronteira.com.br\/index.php\/wp-json\/wp\/v2\/media\/35601"}],"wp:attachment":[{"href":"https:\/\/acontecenafronteira.com.br\/index.php\/wp-json\/wp\/v2\/media?parent=35592"}],"wp:term":[{"taxonomy":"category","embeddable":true,"href":"https:\/\/acontecenafronteira.com.br\/index.php\/wp-json\/wp\/v2\/categories?post=35592"},{"taxonomy":"post_tag","embeddable":true,"href":"https:\/\/acontecenafronteira.com.br\/index.php\/wp-json\/wp\/v2\/tags?post=35592"}],"curies":[{"name":"wp","href":"https:\/\/api.w.org\/{rel}","templated":true}]}}