{"id":35591,"date":"2026-09-04T21:36:46","date_gmt":"2026-09-05T00:36:46","guid":{"rendered":"https:\/\/acontecenafronteira.com.br\/?p=35591"},"modified":"2026-09-04T21:36:46","modified_gmt":"2026-09-05T00:36:46","slug":"pronunciamento-de-lula-no-7-de-setembro-foca-na-soberania","status":"publish","type":"post","link":"https:\/\/acontecenafronteira.com.br\/index.php\/2026\/09\/04\/pronunciamento-de-lula-no-7-de-setembro-foca-na-soberania\/","title":{"rendered":"Pronunciamento de Lula no 7 de Setembro foca na soberania"},"content":{"rendered":"<p>O presidente Luiz In\u00e1cio Lula da Silva utilizar\u00e1 o tradicional pronunciamento em rede nacional de r\u00e1dio e televis\u00e3o, programado para ir ao ar na noite de domingo em comemora\u00e7\u00e3o ao Dia da Independ\u00eancia, para enfatizar que o pa\u00eds jamais ser\u00e1 subjugado por pot\u00eancias estrangeiras. O discurso central da transmiss\u00e3o ser\u00e1 a defesa irrestrita da <b>soberania nacional<\/b>, trazendo inclusive men\u00e7\u00f5es sutis \u00e0s recentes tarifas comerciais impostas pelos Estados Unidos.<\/p>\n<p>H2 Riquezas naturais e o futuro tecnol\u00f3gico do pa\u00eds<\/p>\n<p>H3 Minerais estrat\u00e9gicos e petr\u00f3leo<\/p>\n<p>Durante a mensagem oficial, o chefe do Executivo abordar\u00e1 o potencial estrat\u00e9gico de recursos fundamentais, como as reservas de petr\u00f3leo na Foz do Amazonas, a expressiva disponibilidade de \u00e1gua doce e a segunda maior jazida mundial de <b>terras raras<\/b>. O presidente ressaltar\u00e1 que o rec\u00e9m-aprovado marco legal no Congresso viabilizar\u00e1 a convers\u00e3o desses minerais cr\u00edticos em crescimento socioecon\u00f4mico direto para a popula\u00e7\u00e3o brasileira.<\/p>\n<p>H2 Autonomia comercial e o aval da Justi\u00e7a Eleitoral<\/p>\n<p>A pauta econ\u00f4mica tamb\u00e9m marcar\u00e1 forte presen\u00e7a na fala presidencial, especialmente no que tange ao livre mercado e \u00e0 liberdade diplom\u00e1tica. De acordo com o material pr\u00e9via e formalmente submetido ao Tribunal Superior Eleitoral para evitar eventuais infra\u00e7\u00f5es normativas, Lula argumentar\u00e1 que nenhuma na\u00e7\u00e3o estrangeira det\u00e9m a prerrogativa de ditar com quem o territ\u00f3rio brasileiro pode estabelecer parcerias comerciais.<\/p>\n<p>O pronunciamento oficial consolida a diretriz de manter o pa\u00eds altivo no cen\u00e1rio internacional, transformando recursos naturais em tecnologia de ponta e empregos qualificados sem subordina\u00e7\u00e3o externa.<\/p>\n<p>Por Reda\u00e7\u00e3o Acontece Cr\u00e9ditos da imagem: Reprodu\u00e7\u00e3o \/ Ag\u00eancia Brasil<\/p>\n","protected":false},"excerpt":{"rendered":"<p>O presidente Luiz In\u00e1cio Lula da Silva utilizar\u00e1 o tradicional pronunciamento em rede nacional de r\u00e1dio e televis\u00e3o, programado para ir ao ar na noite de domingo em comemora\u00e7\u00e3o ao Dia da Independ\u00eancia, para enfatizar que o pa\u00eds jamais ser\u00e1 subjugado por pot\u00eancias estrangeiras. O discurso central da transmiss\u00e3o ser\u00e1 a defesa irrestrita da soberania [&hellip;]<\/p>\n","protected":false},"author":0,"featured_media":35599,"comment_status":"open","ping_status":"open","sticky":false,"template":"","format":"standard","meta":{"footnotes":""},"categories":[28],"tags":[],"class_list":["post-35591","post","type-post","status-publish","format-standard","has-post-thumbnail","hentry","category-mundo"],"_links":{"self":[{"href":"https:\/\/acontecenafronteira.com.br\/index.php\/wp-json\/wp\/v2\/posts\/35591","targetHints":{"allow":["GET"]}}],"collection":[{"href":"https:\/\/acontecenafronteira.com.br\/index.php\/wp-json\/wp\/v2\/posts"}],"about":[{"href":"https:\/\/acontecenafronteira.com.br\/index.php\/wp-json\/wp\/v2\/types\/post"}],"replies":[{"embeddable":true,"href":"https:\/\/acontecenafronteira.com.br\/index.php\/wp-json\/wp\/v2\/comments?post=35591"}],"version-history":[{"count":1,"href":"https:\/\/acontecenafronteira.com.br\/index.php\/wp-json\/wp\/v2\/posts\/35591\/revisions"}],"predecessor-version":[{"id":35598,"href":"https:\/\/acontecenafronteira.com.br\/index.php\/wp-json\/wp\/v2\/posts\/35591\/revisions\/35598"}],"wp:featuredmedia":[{"embeddable":true,"href":"https:\/\/acontecenafronteira.com.br\/index.php\/wp-json\/wp\/v2\/media\/35599"}],"wp:attachment":[{"href":"https:\/\/acontecenafronteira.com.br\/index.php\/wp-json\/wp\/v2\/media?parent=35591"}],"wp:term":[{"taxonomy":"category","embeddable":true,"href":"https:\/\/acontecenafronteira.com.br\/index.php\/wp-json\/wp\/v2\/categories?post=35591"},{"taxonomy":"post_tag","embeddable":true,"href":"https:\/\/acontecenafronteira.com.br\/index.php\/wp-json\/wp\/v2\/tags?post=35591"}],"curies":[{"name":"wp","href":"https:\/\/api.w.org\/{rel}","templated":true}]}}