{"id":35589,"date":"2026-09-04T21:36:28","date_gmt":"2026-09-05T00:36:28","guid":{"rendered":"https:\/\/acontecenafronteira.com.br\/?p=35589"},"modified":"2026-09-04T21:36:28","modified_gmt":"2026-09-05T00:36:28","slug":"memorias-do-primeiro-rock-in-rio-acampamento-e-perrengues-em-85","status":"publish","type":"post","link":"https:\/\/acontecenafronteira.com.br\/index.php\/2026\/09\/04\/memorias-do-primeiro-rock-in-rio-acampamento-e-perrengues-em-85\/","title":{"rendered":"Mem\u00f3rias do primeiro Rock in Rio: acampamento e perrengues em 85"},"content":{"rendered":"<p>Em janeiro de 1985, desconhecidos como Luzia Martins, Claudio Vinicio Alves e Maria Izabel Guardarine compartilhavam o mesmo destino: a edi\u00e7\u00e3o inaugural do Rock in Rio. Munidos apenas de mochilas, poucos recursos financeiros e muita disposi\u00e7\u00e3o, eles enfrentaram dias de acampamento para ver suas bandas favoritas ao vivo pela primeira vez. Enquanto Luzia e Maria passaram dois dias no local, Cl\u00e1udio permaneceu dez dias dormindo em uma barraca.<\/p>\n<h2>A jornada solo de Maria Izabel rumo ao festival<\/h2>\n<p>Maria Izabel j\u00e1 integrava uma roda de amigos roqueiros que curtiam heavy metal, conhecido pelas sonoridades mais pesadas. Contudo, ao saber do evento, n\u00e3o encontrou companhia para a viagem. Decidida, comprou uma passagem de \u00f4nibus de S\u00e3o Paulo para o Rio de Janeiro e partiu sozinha para o \u00faltimo fim de semana.<\/p>\n<p>Ap\u00f3s chegar de madrugada e passar a primeira noite na rodovi\u00e1ria entre centenas de pessoas que dormiam pelo ch\u00e3o, ela integrou um acampamento improvisado perto da Cidade do Rock. Mesmo sem dinheiro para contribuir, foi acolhida pelo grupo em um terreno com barracas espalhadas e um \u00fanico banheiro qu\u00edmico.<\/p>\n<h2>A aventura na praia e o romance do acaso<\/h2>\n<p>Em contrapartida, Luzia e Claudio optaram por acampar em uma praia na regi\u00e3o de Jacarepagu\u00e1. Anos mais tarde, os dois se casaram e descobriram uma incr\u00edvel coincid\u00eancia: haviam fotografado nos mesmos locais da Cidade do Rock sem se conhecerem na \u00e9poca.<\/p>\n<p>Enquanto Luzia viajou de carona com uma amiga ap\u00f3s faltar apenas um dia ao trabalho, Claudio encarou dez dias de festival e acabou demitido ao retornar para casa. A higiene dependia do mar e a bagagem resumia-se a roupas, bolachas e dinheiro contado para emerg\u00eancias.<\/p>\n<h2>Conex\u00f5es reais e aus\u00eancia de telas<\/h2>\n<p>A entrada nos port\u00f5es gerava grande euforia e a forma\u00e7\u00e3o de grupos ocorria conforme o gosto musical. Fazer amizades era simples e r\u00e1pido, sem a interfer\u00eancia de celulares para localizar perdidos. Claudio lembra especialmente do show de Rod Stewart e do p\u00f4r do sol marcante, onde todos cantavam juntos.<\/p>\n<p>Atualmente, os tr\u00eas lamentam a perda da espontaneidade devido aos celulares erguidos nos shows modernos, focados em grava\u00e7\u00f5es em vez da divers\u00e3o real. Passadas mais de quatro d\u00e9cadas, eles afirmam sem hesita\u00e7\u00e3o que repetiriam toda a experi\u00eancia, provando que a paix\u00e3o pela m\u00fasica superava qualquer adversidade daquela \u00e9poca.<\/p>\n<p>Por Reda\u00e7\u00e3o Acontece Foto Raimundo Neto \/ Ag\u00eancia O Globo<\/p>\n","protected":false},"excerpt":{"rendered":"<p>Em janeiro de 1985, desconhecidos como Luzia Martins, Claudio Vinicio Alves e Maria Izabel Guardarine compartilhavam o mesmo destino: a edi\u00e7\u00e3o inaugural do Rock in Rio. Munidos apenas de mochilas, poucos recursos financeiros e muita disposi\u00e7\u00e3o, eles enfrentaram dias de acampamento para ver suas bandas favoritas ao vivo pela primeira vez. Enquanto Luzia e Maria [&hellip;]<\/p>\n","protected":false},"author":0,"featured_media":35595,"comment_status":"open","ping_status":"open","sticky":false,"template":"","format":"standard","meta":{"footnotes":""},"categories":[28],"tags":[],"class_list":["post-35589","post","type-post","status-publish","format-standard","has-post-thumbnail","hentry","category-mundo"],"_links":{"self":[{"href":"https:\/\/acontecenafronteira.com.br\/index.php\/wp-json\/wp\/v2\/posts\/35589","targetHints":{"allow":["GET"]}}],"collection":[{"href":"https:\/\/acontecenafronteira.com.br\/index.php\/wp-json\/wp\/v2\/posts"}],"about":[{"href":"https:\/\/acontecenafronteira.com.br\/index.php\/wp-json\/wp\/v2\/types\/post"}],"replies":[{"embeddable":true,"href":"https:\/\/acontecenafronteira.com.br\/index.php\/wp-json\/wp\/v2\/comments?post=35589"}],"version-history":[{"count":1,"href":"https:\/\/acontecenafronteira.com.br\/index.php\/wp-json\/wp\/v2\/posts\/35589\/revisions"}],"predecessor-version":[{"id":35594,"href":"https:\/\/acontecenafronteira.com.br\/index.php\/wp-json\/wp\/v2\/posts\/35589\/revisions\/35594"}],"wp:featuredmedia":[{"embeddable":true,"href":"https:\/\/acontecenafronteira.com.br\/index.php\/wp-json\/wp\/v2\/media\/35595"}],"wp:attachment":[{"href":"https:\/\/acontecenafronteira.com.br\/index.php\/wp-json\/wp\/v2\/media?parent=35589"}],"wp:term":[{"taxonomy":"category","embeddable":true,"href":"https:\/\/acontecenafronteira.com.br\/index.php\/wp-json\/wp\/v2\/categories?post=35589"},{"taxonomy":"post_tag","embeddable":true,"href":"https:\/\/acontecenafronteira.com.br\/index.php\/wp-json\/wp\/v2\/tags?post=35589"}],"curies":[{"name":"wp","href":"https:\/\/api.w.org\/{rel}","templated":true}]}}