{"id":35584,"date":"2026-09-04T21:36:20","date_gmt":"2026-09-05T00:36:20","guid":{"rendered":"https:\/\/acontecenafronteira.com.br\/?p=35584"},"modified":"2026-09-04T21:36:20","modified_gmt":"2026-09-05T00:36:20","slug":"laudo-afasta-suicidio-de-policial-militar-em-sao-paulo","status":"publish","type":"post","link":"https:\/\/acontecenafronteira.com.br\/index.php\/2026\/09\/04\/laudo-afasta-suicidio-de-policial-militar-em-sao-paulo\/","title":{"rendered":"Laudo afasta suic\u00eddio de policial militar em S\u00e3o Paulo"},"content":{"rendered":"<p>Um documento complementar emitido pelo Instituto de Criminal\u00edstica de S\u00e3o Paulo afastou de vez a tese de suic\u00eddio no caso envolvendo o falecimento da soldado da Pol\u00edcia Militar Gisele Alves Santana.<\/p>\n<h2>Investiga\u00e7\u00e3o criminal<\/h2>\n<p>As novas an\u00e1lises periciais trouxeram reviravoltas importantes para o inqu\u00e9rito que apura as circunst\u00e2ncias da morte da agente de seguran\u00e7a no estado paulista.<\/p>\n<h2>Detalhes do caso<\/h2>\n<p>O laudo t\u00e9cnico inicial havia gerado d\u00favidas, motivando a realiza\u00e7\u00e3o de exames complementares rigorosos por parte dos peritos criminais respons\u00e1veis pela investiga\u00e7\u00e3o.<\/p>\n<p>Com a exclus\u00e3o da possibilidade de autoexterm\u00ednio pelos especialistas, as autoridades policiais agora redirecionam o foco das investiga\u00e7\u00f5es para apurar outras hip\u00f3teses sobre o ocorrido.<\/p>\n<p>O caso segue sob sigilo enquanto a corpora\u00e7\u00e3o e os \u00f3rg\u00e3os competentes analisam todas as evid\u00eancias coletadas para esclarecer os fatos com precis\u00e3o.<\/p>\n<p>Por Reda\u00e7\u00e3o Acontece<\/p>\n<p>Imagem: Divulga\u00e7\u00e3o \/ Pol\u00edcia Militar<\/p>\n","protected":false},"excerpt":{"rendered":"<p>Um documento complementar emitido pelo Instituto de Criminal\u00edstica de S\u00e3o Paulo afastou de vez a tese de suic\u00eddio no caso envolvendo o falecimento da soldado da Pol\u00edcia Militar Gisele Alves Santana. Investiga\u00e7\u00e3o criminal As novas an\u00e1lises periciais trouxeram reviravoltas importantes para o inqu\u00e9rito que apura as circunst\u00e2ncias da morte da agente de seguran\u00e7a no estado [&hellip;]<\/p>\n","protected":false},"author":0,"featured_media":35588,"comment_status":"open","ping_status":"open","sticky":false,"template":"","format":"standard","meta":{"footnotes":""},"categories":[18],"tags":[],"class_list":["post-35584","post","type-post","status-publish","format-standard","has-post-thumbnail","hentry","category-parana"],"_links":{"self":[{"href":"https:\/\/acontecenafronteira.com.br\/index.php\/wp-json\/wp\/v2\/posts\/35584","targetHints":{"allow":["GET"]}}],"collection":[{"href":"https:\/\/acontecenafronteira.com.br\/index.php\/wp-json\/wp\/v2\/posts"}],"about":[{"href":"https:\/\/acontecenafronteira.com.br\/index.php\/wp-json\/wp\/v2\/types\/post"}],"replies":[{"embeddable":true,"href":"https:\/\/acontecenafronteira.com.br\/index.php\/wp-json\/wp\/v2\/comments?post=35584"}],"version-history":[{"count":1,"href":"https:\/\/acontecenafronteira.com.br\/index.php\/wp-json\/wp\/v2\/posts\/35584\/revisions"}],"predecessor-version":[{"id":35587,"href":"https:\/\/acontecenafronteira.com.br\/index.php\/wp-json\/wp\/v2\/posts\/35584\/revisions\/35587"}],"wp:featuredmedia":[{"embeddable":true,"href":"https:\/\/acontecenafronteira.com.br\/index.php\/wp-json\/wp\/v2\/media\/35588"}],"wp:attachment":[{"href":"https:\/\/acontecenafronteira.com.br\/index.php\/wp-json\/wp\/v2\/media?parent=35584"}],"wp:term":[{"taxonomy":"category","embeddable":true,"href":"https:\/\/acontecenafronteira.com.br\/index.php\/wp-json\/wp\/v2\/categories?post=35584"},{"taxonomy":"post_tag","embeddable":true,"href":"https:\/\/acontecenafronteira.com.br\/index.php\/wp-json\/wp\/v2\/tags?post=35584"}],"curies":[{"name":"wp","href":"https:\/\/api.w.org\/{rel}","templated":true}]}}