{"id":35583,"date":"2026-09-04T21:36:17","date_gmt":"2026-09-05T00:36:17","guid":{"rendered":"https:\/\/acontecenafronteira.com.br\/?p=35583"},"modified":"2026-09-04T21:36:17","modified_gmt":"2026-09-05T00:36:17","slug":"daniel-vorcaro-busca-terceira-delacao-premiada-no-stf","status":"publish","type":"post","link":"https:\/\/acontecenafronteira.com.br\/index.php\/2026\/09\/04\/daniel-vorcaro-busca-terceira-delacao-premiada-no-stf\/","title":{"rendered":"Daniel Vorcaro busca terceira dela\u00e7\u00e3o premiada no STF"},"content":{"rendered":"<p>Daniel Vorcaro indicou \u00e0s autoridades encarregadas das investiga\u00e7\u00f5es que n\u00e3o tem a inten\u00e7\u00e3o de citar o ministro do Supremo Tribunal Federal (STF), Alexandre de Moraes, em sua nova proposta de colabora\u00e7\u00e3o premiada.<\/p>\n<h2>Nova tentativa de acordo com a justi\u00e7a<\/h2>\n<p>O investigado busca viabilizar uma terceira rodada de negocia\u00e7\u00f5es para firmar dela\u00e7\u00e3o premiada. As tratativas anteriores enfrentaram impasses e geraram grande repercuss\u00e3o nos bastidores do poder judici\u00e1rio nacional.<\/p>\n<h2>Impacto das investiga\u00e7\u00f5es em andamento<\/h2>\n<p>A decis\u00e3o de deixar o magistrado de fora do escopo das novas revela\u00e7\u00f5es marca uma nova estrat\u00e9gia jur\u00eddica adotada pela defesa. Especialistas acompanham de perto os desdobramentos desse processo no Supremo Tribunal Federal.<\/p>\n<p>O caso segue sob sigilo enquanto os \u00f3rg\u00e3os competentes avaliam a consist\u00eancia e a relev\u00e2ncia das informa\u00e7\u00f5es oferecidas pelo delator para o avan\u00e7o das apura\u00e7\u00f5es oficiais.<\/p>\n<p>Por Reda\u00e7\u00e3o Acontece<\/p>\n<p>Cr\u00e9ditos da imagem: Divulga\u00e7\u00e3o \/ STF<\/p>\n","protected":false},"excerpt":{"rendered":"<p>Daniel Vorcaro indicou \u00e0s autoridades encarregadas das investiga\u00e7\u00f5es que n\u00e3o tem a inten\u00e7\u00e3o de citar o ministro do Supremo Tribunal Federal (STF), Alexandre de Moraes, em sua nova proposta de colabora\u00e7\u00e3o premiada. Nova tentativa de acordo com a justi\u00e7a O investigado busca viabilizar uma terceira rodada de negocia\u00e7\u00f5es para firmar dela\u00e7\u00e3o premiada. As tratativas anteriores [&hellip;]<\/p>\n","protected":false},"author":0,"featured_media":35586,"comment_status":"open","ping_status":"open","sticky":false,"template":"","format":"standard","meta":{"footnotes":""},"categories":[18],"tags":[],"class_list":["post-35583","post","type-post","status-publish","format-standard","has-post-thumbnail","hentry","category-parana"],"_links":{"self":[{"href":"https:\/\/acontecenafronteira.com.br\/index.php\/wp-json\/wp\/v2\/posts\/35583","targetHints":{"allow":["GET"]}}],"collection":[{"href":"https:\/\/acontecenafronteira.com.br\/index.php\/wp-json\/wp\/v2\/posts"}],"about":[{"href":"https:\/\/acontecenafronteira.com.br\/index.php\/wp-json\/wp\/v2\/types\/post"}],"replies":[{"embeddable":true,"href":"https:\/\/acontecenafronteira.com.br\/index.php\/wp-json\/wp\/v2\/comments?post=35583"}],"version-history":[{"count":1,"href":"https:\/\/acontecenafronteira.com.br\/index.php\/wp-json\/wp\/v2\/posts\/35583\/revisions"}],"predecessor-version":[{"id":35585,"href":"https:\/\/acontecenafronteira.com.br\/index.php\/wp-json\/wp\/v2\/posts\/35583\/revisions\/35585"}],"wp:featuredmedia":[{"embeddable":true,"href":"https:\/\/acontecenafronteira.com.br\/index.php\/wp-json\/wp\/v2\/media\/35586"}],"wp:attachment":[{"href":"https:\/\/acontecenafronteira.com.br\/index.php\/wp-json\/wp\/v2\/media?parent=35583"}],"wp:term":[{"taxonomy":"category","embeddable":true,"href":"https:\/\/acontecenafronteira.com.br\/index.php\/wp-json\/wp\/v2\/categories?post=35583"},{"taxonomy":"post_tag","embeddable":true,"href":"https:\/\/acontecenafronteira.com.br\/index.php\/wp-json\/wp\/v2\/tags?post=35583"}],"curies":[{"name":"wp","href":"https:\/\/api.w.org\/{rel}","templated":true}]}}