{"id":35572,"date":"2026-09-04T20:37:33","date_gmt":"2026-09-04T23:37:33","guid":{"rendered":"https:\/\/acontecenafronteira.com.br\/?p=35572"},"modified":"2026-09-04T20:37:33","modified_gmt":"2026-09-04T23:37:33","slug":"anitta-no-parana-cantora-assume-posto-no-carnaval-longe-de-polemicas","status":"publish","type":"post","link":"https:\/\/acontecenafronteira.com.br\/index.php\/2026\/09\/04\/anitta-no-parana-cantora-assume-posto-no-carnaval-longe-de-polemicas\/","title":{"rendered":"Anitta no Paran\u00e1: Cantora assume posto no Carnaval longe de pol\u00eamicas"},"content":{"rendered":"<p>A confirma\u00e7\u00e3o de que a cantora <b>Anitta<\/b> ser\u00e1 a nova rainha de bateria da escola de samba Acad\u00eamicos do Grande Rio para o Carnaval de 2027 movimentou o mundo dos <b>famosos<\/b> e gerou grande repercuss\u00e3o entre os moradores do <b>Paran\u00e1<\/b>, que acompanham de perto os passos da artista. No entanto, um detalhe espec\u00edfico sobre a transi\u00e7\u00e3o do posto chamou a aten\u00e7\u00e3o da m\u00eddia: n\u00e3o haver\u00e1 a tradicional passagem de coroa pelas m\u00e3os da influenciadora <b>Virginia Fonseca<\/b>.<\/p>\n<h2>Decis\u00e3o tomada nos bastidores<\/h2>\n<p>A equipe de comunica\u00e7\u00e3o de Virginia Fonseca esclareceu que a aus\u00eancia da cerim\u00f4nia de transmiss\u00e3o do cargo ocorreu devido a uma exig\u00eancia feita pela pr\u00f3pria equipe da nova rainha. Segundo o comunicado oficial divulgado \u00e0 imprensa, a escola de samba localizada em Duque de Caxias optou por acatar o pedido.<\/p>\n<p>Apesar de a influenciadora ter demonstrado total disponibilidade para ajustar sua agenda e realizar o ato simb\u00f3lico, a vontade da futura soberana da bateria prevaleceu, cancelando o protocolo que havia ocorrido no ano anterior com Paolla Oliveira.<\/p>\n<h2>Repercuss\u00e3o entre os f\u00e3s e diverg\u00eancias<\/h2>\n<p>A not\u00edcia foi amplamente comemorada por admiradores da interprete de hits globais, que j\u00e1 vinham manifestando rejei\u00e7\u00e3o nas redes sociais a uma poss\u00edvel associa\u00e7\u00e3o entre as duas celebridades p\u00fablicas. Nos bastidores e na internet, seguidores apontavam diverg\u00eancias de posicionamento entre as famosas, especialmente em rela\u00e7\u00e3o \u00e0 publicidade de plataformas de apostas e jogos de azar, tema que frequentemente divide opini\u00f5es no meio art\u00edstico e entre o p\u00fablico paranaense.<\/p>\n<p>A assessoria de Virginia destacou que a rela\u00e7\u00e3o com a agremia\u00e7\u00e3o tricolor permanece pautada pelo respeito \u00e0 comunidade da Baixada Fluminense, colocando a institui\u00e7\u00e3o carnavalesca acima de qualquer vaidade ou pol\u00eamica gerada em torno dos eventos oficiais da quadra.<\/p>\n<p>Por Reda\u00e7\u00e3o Acontece<\/p>\n<p>Foto: Reprodu\u00e7\u00e3o \/ Redes Sociais<\/p>\n","protected":false},"excerpt":{"rendered":"<p>A confirma\u00e7\u00e3o de que a cantora Anitta ser\u00e1 a nova rainha de bateria da escola de samba Acad\u00eamicos do Grande Rio para o Carnaval de 2027 movimentou o mundo dos famosos e gerou grande repercuss\u00e3o entre os moradores do Paran\u00e1, que acompanham de perto os passos da artista. No entanto, um detalhe espec\u00edfico sobre a [&hellip;]<\/p>\n","protected":false},"author":0,"featured_media":35582,"comment_status":"open","ping_status":"open","sticky":false,"template":"","format":"standard","meta":{"footnotes":""},"categories":[6],"tags":[],"class_list":["post-35572","post","type-post","status-publish","format-standard","has-post-thumbnail","hentry","category-mercosul"],"_links":{"self":[{"href":"https:\/\/acontecenafronteira.com.br\/index.php\/wp-json\/wp\/v2\/posts\/35572","targetHints":{"allow":["GET"]}}],"collection":[{"href":"https:\/\/acontecenafronteira.com.br\/index.php\/wp-json\/wp\/v2\/posts"}],"about":[{"href":"https:\/\/acontecenafronteira.com.br\/index.php\/wp-json\/wp\/v2\/types\/post"}],"replies":[{"embeddable":true,"href":"https:\/\/acontecenafronteira.com.br\/index.php\/wp-json\/wp\/v2\/comments?post=35572"}],"version-history":[{"count":1,"href":"https:\/\/acontecenafronteira.com.br\/index.php\/wp-json\/wp\/v2\/posts\/35572\/revisions"}],"predecessor-version":[{"id":35581,"href":"https:\/\/acontecenafronteira.com.br\/index.php\/wp-json\/wp\/v2\/posts\/35572\/revisions\/35581"}],"wp:featuredmedia":[{"embeddable":true,"href":"https:\/\/acontecenafronteira.com.br\/index.php\/wp-json\/wp\/v2\/media\/35582"}],"wp:attachment":[{"href":"https:\/\/acontecenafronteira.com.br\/index.php\/wp-json\/wp\/v2\/media?parent=35572"}],"wp:term":[{"taxonomy":"category","embeddable":true,"href":"https:\/\/acontecenafronteira.com.br\/index.php\/wp-json\/wp\/v2\/categories?post=35572"},{"taxonomy":"post_tag","embeddable":true,"href":"https:\/\/acontecenafronteira.com.br\/index.php\/wp-json\/wp\/v2\/tags?post=35572"}],"curies":[{"name":"wp","href":"https:\/\/api.w.org\/{rel}","templated":true}]}}