{"id":35571,"date":"2026-09-04T20:37:26","date_gmt":"2026-09-04T23:37:26","guid":{"rendered":"https:\/\/acontecenafronteira.com.br\/?p=35571"},"modified":"2026-09-04T20:37:26","modified_gmt":"2026-09-04T23:37:26","slug":"julio-iglesias-enfrenta-novas-acusacoes-de-agressao-sexual","status":"publish","type":"post","link":"https:\/\/acontecenafronteira.com.br\/index.php\/2026\/09\/04\/julio-iglesias-enfrenta-novas-acusacoes-de-agressao-sexual\/","title":{"rendered":"Julio Iglesias enfrenta novas acusa\u00e7\u00f5es de agress\u00e3o sexual"},"content":{"rendered":"<p>Duas ex-funcion\u00e1rias do cantor Julio Iglesias retomaram as acusa\u00e7\u00f5es judiciais na Espanha contra o artista, desta vez apontando crimes de agress\u00e3o sexual, ass\u00e9dio moral e submetimento a trabalho for\u00e7ado. A nova peti\u00e7\u00e3o foi protocolada na \u00faltima quinta-feira, conforme an\u00fancio divulgado na sexta-feira pela organiza\u00e7\u00e3o n\u00e3o governamental Women&#8217;s Link Worldwide, entidade que presta assist\u00eancia legal \u00e0s denunciantes.<\/p>\n<h2>Hist\u00f3rico do processo judicial<\/h2>\n<p>Anteriormente, em janeiro, as mesmas mulheres j\u00e1 haviam tentado buscar repara\u00e7\u00e3o na Justi\u00e7a espanhola. Contudo, o processo inicial acabou rejeitado e arquivado pelas autoridades locais sob a justificativa de que a jurisdi\u00e7\u00e3o do pa\u00eds europeu n\u00e3o alcan\u00e7aria os supostos delitos relatados, que teriam ocorrido em resid\u00eancias privadas do m\u00fasico situadas na Rep\u00fablica Dominicana e nas Bahamas.<\/p>\n<h2>Acusa\u00e7\u00f5es de abusos e trabalho for\u00e7ado<\/h2>\n<p>De acordo com a ONG representante, os epis\u00f3dios relatados pelas v\u00edtimas teriam acontecido ao longo de 2021, \u00e9poca em que prestavam servi\u00e7os diretos ao cantor. Os depoimentos detalham que elas enfrentaram um ambiente de supostas &#8220;situa\u00e7\u00f5es cont\u00ednuas de ass\u00e9dio e agress\u00f5es sexuais&#8221;, al\u00e9m de vivenciarem rotinas marcadas por &#8220;condi\u00e7\u00f5es de trabalho for\u00e7ado e degradantes&#8221;.<\/p>\n<h2>Posi\u00e7\u00e3o da defesa e argumentos jur\u00eddicos<\/h2>\n<p>Em resposta \u00e0s acusa\u00e7\u00f5es, a equipe jur\u00eddica que representa Julio Iglesias, atualmente com 82 anos, classificou os relatos como &#8220;absolutamente falsos&#8221;. O artista tamb\u00e9m se manifestou negando veementemente qualquer epis\u00f3dio de abuso, coer\u00e7\u00e3o ou falta de respeito com mulheres ao longo de sua trajet\u00f3ria.<\/p>\n<p>Para contornar o obst\u00e1culo da compet\u00eancia territorial, a nova investida judicial da Women\u2019s Link Worldwide argumenta que o ordenamento jur\u00eddico espanhol permite a apura\u00e7\u00e3o e o julgamento de delitos praticados no exterior, desde que existam conex\u00f5es significativas com a Espanha.<\/p>\n<p>Para a diretora-executiva da organiza\u00e7\u00e3o, Jovana R\u00edos Cisnero, o sistema judicial espanhol tem o dever fundamental de assegurar o direito \u00e0 Justi\u00e7a de forma igualit\u00e1ria, sem distin\u00e7\u00f5es baseadas na notoriedade ou na identidade da pessoa apontada nas den\u00fancias.<\/p>\n<p>Por Reda\u00e7\u00e3o Acontece<\/p>\n<p>Reprodu\u00e7\u00e3o\/Instagram<\/p>\n","protected":false},"excerpt":{"rendered":"<p>Duas ex-funcion\u00e1rias do cantor Julio Iglesias retomaram as acusa\u00e7\u00f5es judiciais na Espanha contra o artista, desta vez apontando crimes de agress\u00e3o sexual, ass\u00e9dio moral e submetimento a trabalho for\u00e7ado. A nova peti\u00e7\u00e3o foi protocolada na \u00faltima quinta-feira, conforme an\u00fancio divulgado na sexta-feira pela organiza\u00e7\u00e3o n\u00e3o governamental Women&#8217;s Link Worldwide, entidade que presta assist\u00eancia legal \u00e0s [&hellip;]<\/p>\n","protected":false},"author":0,"featured_media":35580,"comment_status":"open","ping_status":"open","sticky":false,"template":"","format":"standard","meta":{"footnotes":""},"categories":[6],"tags":[],"class_list":["post-35571","post","type-post","status-publish","format-standard","has-post-thumbnail","hentry","category-mercosul"],"_links":{"self":[{"href":"https:\/\/acontecenafronteira.com.br\/index.php\/wp-json\/wp\/v2\/posts\/35571","targetHints":{"allow":["GET"]}}],"collection":[{"href":"https:\/\/acontecenafronteira.com.br\/index.php\/wp-json\/wp\/v2\/posts"}],"about":[{"href":"https:\/\/acontecenafronteira.com.br\/index.php\/wp-json\/wp\/v2\/types\/post"}],"replies":[{"embeddable":true,"href":"https:\/\/acontecenafronteira.com.br\/index.php\/wp-json\/wp\/v2\/comments?post=35571"}],"version-history":[{"count":1,"href":"https:\/\/acontecenafronteira.com.br\/index.php\/wp-json\/wp\/v2\/posts\/35571\/revisions"}],"predecessor-version":[{"id":35579,"href":"https:\/\/acontecenafronteira.com.br\/index.php\/wp-json\/wp\/v2\/posts\/35571\/revisions\/35579"}],"wp:featuredmedia":[{"embeddable":true,"href":"https:\/\/acontecenafronteira.com.br\/index.php\/wp-json\/wp\/v2\/media\/35580"}],"wp:attachment":[{"href":"https:\/\/acontecenafronteira.com.br\/index.php\/wp-json\/wp\/v2\/media?parent=35571"}],"wp:term":[{"taxonomy":"category","embeddable":true,"href":"https:\/\/acontecenafronteira.com.br\/index.php\/wp-json\/wp\/v2\/categories?post=35571"},{"taxonomy":"post_tag","embeddable":true,"href":"https:\/\/acontecenafronteira.com.br\/index.php\/wp-json\/wp\/v2\/tags?post=35571"}],"curies":[{"name":"wp","href":"https:\/\/api.w.org\/{rel}","templated":true}]}}