{"id":35570,"date":"2026-09-04T20:37:03","date_gmt":"2026-09-04T23:37:03","guid":{"rendered":"https:\/\/acontecenafronteira.com.br\/?p=35570"},"modified":"2026-09-04T20:37:03","modified_gmt":"2026-09-04T23:37:03","slug":"felipe-titto-explica-recusa-a-novelas-e-foco-em-negocios","status":"publish","type":"post","link":"https:\/\/acontecenafronteira.com.br\/index.php\/2026\/09\/04\/felipe-titto-explica-recusa-a-novelas-e-foco-em-negocios\/","title":{"rendered":"Felipe Titto explica recusa a novelas e foco em neg\u00f3cios"},"content":{"rendered":"<p>O ator e empres\u00e1rio Felipe Titto abriu o jogo recentemente sobre os motivos que o levaram a recusar convites para retornar aos folhetins televisivos. Com uma agenda intensa voltada para o mundo corporativo, o famoso revelou que foi sondado para tr\u00eas produ\u00e7\u00f5es diferentes somente neste ano, mas precisou declinar de todas as propostas devido \u00e0 incompatibilidade com seus empreendimentos atuais.<\/p>\n<h2>A matem\u00e1tica dos neg\u00f3cios<\/h2>\n<p>De acordo com o artista, a dedica\u00e7\u00e3o exigida por uma novela inteira impede que ele mantenha o ritmo em suas empresas. O tempo estimado de prepara\u00e7\u00e3o e filmagens chega a um ano completo de afastamento, o que tornaria a empreitada invi\u00e1vel para o seu modelo atual de gest\u00e3o.<\/p>\n<p>A decis\u00e3o de priorizar as marcas n\u00e3o est\u00e1 ligada apenas ao cach\u00ea pago pelas emissoras, mas sim \u00e0 estrutura que ele construiu fora das telas. Atualmente, o empres\u00e1rio lidera uma holding que emprega mais de duas mil pessoas, incluindo o recente sucesso de sua marca de refrigerantes.<\/p>\n<h2>Possibilidade de retorno futuro<\/h2>\n<p>Apesar de estar totalmente focado no mercado empresarial, a porta para a atua\u00e7\u00e3o n\u00e3o est\u00e1 totalmente trancada. Para voltar aos est\u00fadios, seria necess\u00e1rio que seus s\u00f3cios assumissem integralmente o comando operacional, permitindo que ele se ausentasse por longos per\u00edodos sem preju\u00edzos aos neg\u00f3cios.<\/p>\n<p>Enquanto isso, a rela\u00e7\u00e3o com os telespectadores continua ativa por meio de sua participa\u00e7\u00e3o no reality show de neg\u00f3cios Shark Tank Brasil. A presen\u00e7a no programa permite que ele una as duas paix\u00f5es: o universo corporativo e a telinha, sem a exig\u00eancia de uma carga hor\u00e1ria exaustiva de segunda a s\u00e1bado.<\/p>\n<p>Por Reda\u00e7\u00e3o Acontece<\/p>\n<p>Imagem: Reprodu\u00e7\u00e3o \/ Instagram pasintitto<\/p>\n","protected":false},"excerpt":{"rendered":"<p>O ator e empres\u00e1rio Felipe Titto abriu o jogo recentemente sobre os motivos que o levaram a recusar convites para retornar aos folhetins televisivos. Com uma agenda intensa voltada para o mundo corporativo, o famoso revelou que foi sondado para tr\u00eas produ\u00e7\u00f5es diferentes somente neste ano, mas precisou declinar de todas as propostas devido \u00e0 [&hellip;]<\/p>\n","protected":false},"author":0,"featured_media":35578,"comment_status":"open","ping_status":"open","sticky":false,"template":"","format":"standard","meta":{"footnotes":""},"categories":[6],"tags":[],"class_list":["post-35570","post","type-post","status-publish","format-standard","has-post-thumbnail","hentry","category-mercosul"],"_links":{"self":[{"href":"https:\/\/acontecenafronteira.com.br\/index.php\/wp-json\/wp\/v2\/posts\/35570","targetHints":{"allow":["GET"]}}],"collection":[{"href":"https:\/\/acontecenafronteira.com.br\/index.php\/wp-json\/wp\/v2\/posts"}],"about":[{"href":"https:\/\/acontecenafronteira.com.br\/index.php\/wp-json\/wp\/v2\/types\/post"}],"replies":[{"embeddable":true,"href":"https:\/\/acontecenafronteira.com.br\/index.php\/wp-json\/wp\/v2\/comments?post=35570"}],"version-history":[{"count":1,"href":"https:\/\/acontecenafronteira.com.br\/index.php\/wp-json\/wp\/v2\/posts\/35570\/revisions"}],"predecessor-version":[{"id":35577,"href":"https:\/\/acontecenafronteira.com.br\/index.php\/wp-json\/wp\/v2\/posts\/35570\/revisions\/35577"}],"wp:featuredmedia":[{"embeddable":true,"href":"https:\/\/acontecenafronteira.com.br\/index.php\/wp-json\/wp\/v2\/media\/35578"}],"wp:attachment":[{"href":"https:\/\/acontecenafronteira.com.br\/index.php\/wp-json\/wp\/v2\/media?parent=35570"}],"wp:term":[{"taxonomy":"category","embeddable":true,"href":"https:\/\/acontecenafronteira.com.br\/index.php\/wp-json\/wp\/v2\/categories?post=35570"},{"taxonomy":"post_tag","embeddable":true,"href":"https:\/\/acontecenafronteira.com.br\/index.php\/wp-json\/wp\/v2\/tags?post=35570"}],"curies":[{"name":"wp","href":"https:\/\/api.w.org\/{rel}","templated":true}]}}