{"id":35569,"date":"2026-09-04T20:36:59","date_gmt":"2026-09-04T23:36:59","guid":{"rendered":"https:\/\/acontecenafronteira.com.br\/?p=35569"},"modified":"2026-09-04T20:36:59","modified_gmt":"2026-09-04T23:36:59","slug":"defesa-de-lulinha-aponta-perseguicao-em-relatorios-da-pf","status":"publish","type":"post","link":"https:\/\/acontecenafronteira.com.br\/index.php\/2026\/09\/04\/defesa-de-lulinha-aponta-perseguicao-em-relatorios-da-pf\/","title":{"rendered":"Defesa de Lulinha aponta persegui\u00e7\u00e3o em relat\u00f3rios da PF"},"content":{"rendered":"<p>Defesa de Lulinha aponta persegui\u00e7\u00e3o em relat\u00f3rios da PF Advogados de F\u00e1bio Lu\u00eds Lula da Silva afirmam que documentos da Pol\u00edcia Federal expostos por Alexandre de Moraes provam persegui\u00e7\u00e3o e direcionamento. A defesa t\u00e9cnica de F\u00e1bio Lu\u00eds Lula da Silva, filho do presidente Luiz In\u00e1cio Lula da Silva, emitiu um comunicado oficial nesta sexta-feira (4\/9) sustentando que os recentes relat\u00f3rios de intelig\u00eancia da Pol\u00edcia Federal v\u00eam a p\u00fablico para certificar a aus\u00eancia de qualquer v\u00ednculo entre seu cliente e as irregularidades no INSS que foram alvo da Opera\u00e7\u00e3o Sem Desconto. <\/p>\n<h2>Posicionamento dos advogados<\/h2>\n<p> Assinado pelo advogado Guilherme Suguimori Santos, o documento aponta que a tese de desconex\u00e3o foi validada ap\u00f3s a abertura de investiga\u00e7\u00f5es paralelas que n\u00e3o guardavam rela\u00e7\u00e3o com o escopo original, caracterizando, segundo a defesa, uma pr\u00e1tica de direcionamento ilegal e busca especulativa de provas. Para a equipe jur\u00eddica, a contamina\u00e7\u00e3o processual que j\u00e1 vinha sendo contestada ganhou respaldo t\u00e9cnico nos dados divulgados pela corpora\u00e7\u00e3o policial na v\u00e9spera, os quais trazem questionamentos a respeito da legitimidade e dos limites aplicados na condu\u00e7\u00e3o dos inqu\u00e9ritos. <\/p>\n<h2>Expectativa em rela\u00e7\u00e3o \u00e0 Justi\u00e7a<\/h2>\n<p> O texto refor\u00e7a que F\u00e1bio Lu\u00eds se mant\u00e9m \u00e0 inteira disposi\u00e7\u00e3o das inst\u00e2ncias competentes para comprovar sua inoc\u00eancia, ao mesmo tempo em que manifesta expectativa para que o Poder Judici\u00e1rio n\u00e3o minimize eventuais falhas, vieses ou motiva\u00e7\u00f5es pol\u00edticas que pudessem justificar o encerramento definitivo das apura\u00e7\u00f5es. A divulga\u00e7\u00e3o dessas manifesta\u00e7\u00f5es ocorre no contexto de intensas discuss\u00f5es na c\u00fapula do Supremo Tribunal Federal, marcadas por diverg\u00eancias entre ministros a respeito da condu\u00e7\u00e3o de apura\u00e7\u00f5es sigilosas e relat\u00f3rios preliminares de intelig\u00eancia que tramitam na corte. Por Reda\u00e7\u00e3o Acontece Cr\u00e9ditos: Ag\u00eancia Brasil<\/p>\n","protected":false},"excerpt":{"rendered":"<p>Defesa de Lulinha aponta persegui\u00e7\u00e3o em relat\u00f3rios da PF Advogados de F\u00e1bio Lu\u00eds Lula da Silva afirmam que documentos da Pol\u00edcia Federal expostos por Alexandre de Moraes provam persegui\u00e7\u00e3o e direcionamento. A defesa t\u00e9cnica de F\u00e1bio Lu\u00eds Lula da Silva, filho do presidente Luiz In\u00e1cio Lula da Silva, emitiu um comunicado oficial nesta sexta-feira (4\/9) [&hellip;]<\/p>\n","protected":false},"author":0,"featured_media":35576,"comment_status":"open","ping_status":"open","sticky":false,"template":"","format":"standard","meta":{"footnotes":""},"categories":[6],"tags":[],"class_list":["post-35569","post","type-post","status-publish","format-standard","has-post-thumbnail","hentry","category-mercosul"],"_links":{"self":[{"href":"https:\/\/acontecenafronteira.com.br\/index.php\/wp-json\/wp\/v2\/posts\/35569","targetHints":{"allow":["GET"]}}],"collection":[{"href":"https:\/\/acontecenafronteira.com.br\/index.php\/wp-json\/wp\/v2\/posts"}],"about":[{"href":"https:\/\/acontecenafronteira.com.br\/index.php\/wp-json\/wp\/v2\/types\/post"}],"replies":[{"embeddable":true,"href":"https:\/\/acontecenafronteira.com.br\/index.php\/wp-json\/wp\/v2\/comments?post=35569"}],"version-history":[{"count":1,"href":"https:\/\/acontecenafronteira.com.br\/index.php\/wp-json\/wp\/v2\/posts\/35569\/revisions"}],"predecessor-version":[{"id":35575,"href":"https:\/\/acontecenafronteira.com.br\/index.php\/wp-json\/wp\/v2\/posts\/35569\/revisions\/35575"}],"wp:featuredmedia":[{"embeddable":true,"href":"https:\/\/acontecenafronteira.com.br\/index.php\/wp-json\/wp\/v2\/media\/35576"}],"wp:attachment":[{"href":"https:\/\/acontecenafronteira.com.br\/index.php\/wp-json\/wp\/v2\/media?parent=35569"}],"wp:term":[{"taxonomy":"category","embeddable":true,"href":"https:\/\/acontecenafronteira.com.br\/index.php\/wp-json\/wp\/v2\/categories?post=35569"},{"taxonomy":"post_tag","embeddable":true,"href":"https:\/\/acontecenafronteira.com.br\/index.php\/wp-json\/wp\/v2\/tags?post=35569"}],"curies":[{"name":"wp","href":"https:\/\/api.w.org\/{rel}","templated":true}]}}