{"id":35568,"date":"2026-09-04T20:36:54","date_gmt":"2026-09-04T23:36:54","guid":{"rendered":"https:\/\/acontecenafronteira.com.br\/?p=35568"},"modified":"2026-09-04T20:36:54","modified_gmt":"2026-09-04T23:36:54","slug":"serie-tremembe-e-modificada-apos-processos-judiciais-no-pr","status":"publish","type":"post","link":"https:\/\/acontecenafronteira.com.br\/index.php\/2026\/09\/04\/serie-tremembe-e-modificada-apos-processos-judiciais-no-pr\/","title":{"rendered":"S\u00e9rie Trememb\u00e9 \u00e9 modificada ap\u00f3s processos judiciais no PR"},"content":{"rendered":"<p>A plataforma de streaming Amazon Prime Video realizou altera\u00e7\u00f5es discretas em um dos epis\u00f3dios de sua produ\u00e7\u00e3o original Trememb\u00e9. A medida foi tomada ap\u00f3s a empresa ser alvo de a\u00e7\u00f5es judiciais movidas por pessoas que participaram da s\u00e9rie como figurantes e alegam preju\u00edzos com a exposi\u00e7\u00e3o n\u00e3o autorizada.<\/p>\n<h2>Motiva\u00e7\u00e3o das a\u00e7\u00f5es judiciais contra o streaming<\/h2>\n<p>As contesta\u00e7\u00f5es na Justi\u00e7a surgiram ap\u00f3s a exibi\u00e7\u00e3o de uma sequ\u00eancia espec\u00edfica no quinto epis\u00f3dio da primeira temporada. Na cena em quest\u00e3o, os personagens de Alexandre Nardoni e Anna Carolina Jatob\u00e1 aparecem realizando compras em um supermercado, momento em que transeuntes ao fundo foram capturados pelas c\u00e2meras.<\/p>\n<p>Pelo menos tr\u00eas pessoas decidiram processar a gigante da tecnologia no estado de S\u00e3o Paulo. Cada um dos autores exige o pagamento de uma indeniza\u00e7\u00e3o no valor de R$ 150 mil, sustentando que nunca deram consentimento para terem suas fei\u00e7\u00f5es veiculadas em uma obra que retrata crimes de grande repercuss\u00e3o nacional.<\/p>\n<h2>Constrangimento e altera\u00e7\u00e3o no cat\u00e1logo<\/h2>\n<p>Um dos participantes do processo relatou ter enfrentado situa\u00e7\u00f5es vexat\u00f3rias no cotidiano ap\u00f3s conhecidos o relacionarem diretamente ao caso do assassinato de Isabella Nardoni, ocorrido em 2008 e que resultou na condena\u00e7\u00e3o do casal retratado na fic\u00e7\u00e3o.<\/p>\n<p>Diante da repercuss\u00e3o jur\u00eddica, a equipe respons\u00e1vel pelo servi\u00e7o de streaming procedeu com uma nova edi\u00e7\u00e3o do material audiovisual. Os trechos que permitiam o reconhecimento dos figurantes foram cortados da cena do supermercado, altera\u00e7\u00e3o esta que ocorreu sem qualquer comunicado oficial aos assinantes.<\/p>\n<p>Apesar da movimenta\u00e7\u00e3o nos tribunais e da mudan\u00e7a j\u00e1 aplicada no cat\u00e1logo digital, os processos seguem em andamento e ainda aguardam uma primeira decis\u00e3o oficial da Justi\u00e7a. A empresa respons\u00e1vel pela distribui\u00e7\u00e3o da obra manteve-se em sil\u00eancio e optou por n\u00e3o emitir declara\u00e7\u00f5es p\u00fablicas a respeito do imbr\u00f3glio.<\/p>\n<p>Por Reda\u00e7\u00e3o Acontece<\/p>\n<p>Foto: Divulga\u00e7\u00e3o\/Amazon Prime Video<\/p>\n","protected":false},"excerpt":{"rendered":"<p>A plataforma de streaming Amazon Prime Video realizou altera\u00e7\u00f5es discretas em um dos epis\u00f3dios de sua produ\u00e7\u00e3o original Trememb\u00e9. A medida foi tomada ap\u00f3s a empresa ser alvo de a\u00e7\u00f5es judiciais movidas por pessoas que participaram da s\u00e9rie como figurantes e alegam preju\u00edzos com a exposi\u00e7\u00e3o n\u00e3o autorizada. Motiva\u00e7\u00e3o das a\u00e7\u00f5es judiciais contra o streaming [&hellip;]<\/p>\n","protected":false},"author":0,"featured_media":35574,"comment_status":"open","ping_status":"open","sticky":false,"template":"","format":"standard","meta":{"footnotes":""},"categories":[6],"tags":[],"class_list":["post-35568","post","type-post","status-publish","format-standard","has-post-thumbnail","hentry","category-mercosul"],"_links":{"self":[{"href":"https:\/\/acontecenafronteira.com.br\/index.php\/wp-json\/wp\/v2\/posts\/35568","targetHints":{"allow":["GET"]}}],"collection":[{"href":"https:\/\/acontecenafronteira.com.br\/index.php\/wp-json\/wp\/v2\/posts"}],"about":[{"href":"https:\/\/acontecenafronteira.com.br\/index.php\/wp-json\/wp\/v2\/types\/post"}],"replies":[{"embeddable":true,"href":"https:\/\/acontecenafronteira.com.br\/index.php\/wp-json\/wp\/v2\/comments?post=35568"}],"version-history":[{"count":1,"href":"https:\/\/acontecenafronteira.com.br\/index.php\/wp-json\/wp\/v2\/posts\/35568\/revisions"}],"predecessor-version":[{"id":35573,"href":"https:\/\/acontecenafronteira.com.br\/index.php\/wp-json\/wp\/v2\/posts\/35568\/revisions\/35573"}],"wp:featuredmedia":[{"embeddable":true,"href":"https:\/\/acontecenafronteira.com.br\/index.php\/wp-json\/wp\/v2\/media\/35574"}],"wp:attachment":[{"href":"https:\/\/acontecenafronteira.com.br\/index.php\/wp-json\/wp\/v2\/media?parent=35568"}],"wp:term":[{"taxonomy":"category","embeddable":true,"href":"https:\/\/acontecenafronteira.com.br\/index.php\/wp-json\/wp\/v2\/categories?post=35568"},{"taxonomy":"post_tag","embeddable":true,"href":"https:\/\/acontecenafronteira.com.br\/index.php\/wp-json\/wp\/v2\/tags?post=35568"}],"curies":[{"name":"wp","href":"https:\/\/api.w.org\/{rel}","templated":true}]}}