{"id":35557,"date":"2026-09-04T20:36:48","date_gmt":"2026-09-04T23:36:48","guid":{"rendered":"https:\/\/acontecenafronteira.com.br\/?p=35557"},"modified":"2026-09-04T20:36:48","modified_gmt":"2026-09-04T23:36:48","slug":"jorge-messias-rebate-citacao-da-pf-e-explica-atuacao-no-stf","status":"publish","type":"post","link":"https:\/\/acontecenafronteira.com.br\/index.php\/2026\/09\/04\/jorge-messias-rebate-citacao-da-pf-e-explica-atuacao-no-stf\/","title":{"rendered":"Jorge Messias rebate cita\u00e7\u00e3o da PF e explica atua\u00e7\u00e3o no STF"},"content":{"rendered":"<p>O chefe da Advocacia-Geral da Uni\u00e3o (AGU), Jorge Messias, manifestou-se publicamente nesta sexta-feira a respeito de seu nome constar em um relat\u00f3rio recente da Pol\u00edcia Federal (PF).<\/p>\n<h2>Explica\u00e7\u00e3o sobre as tratativas no STF<\/h2>\n<p>De acordo com o posicionamento oficial emitido pela AGU, Messias manteve conversas com o ministro Andr\u00e9 Mendon\u00e7a, que atua como relator dos processos, e com a presid\u00eancia do Supremo Tribunal Federal (STF). O objetivo dessas tratativas era encontrar caminhos para pacificar diverg\u00eancias e contornar um cen\u00e1rio institucional delicado envolvendo o caso Master e fraudes no INSS.<\/p>\n<h2>Fundamentos t\u00e9cnicos da decis\u00e3o<\/h2>\n<p>A institui\u00e7\u00e3o esclareceu que a recusa em seguir os pleitos da maneira exigida pela for\u00e7a policial fundamentou-se em crit\u00e9rios estritamente t\u00e9cnicos e jur\u00eddicos. A AGU ressaltou que n\u00e3o possui atribui\u00e7\u00e3o legal ou constitucional para intervir na persecu\u00e7\u00e3o penal nos moldes cobrados pelos investigadores, alertando que tal medida poderia comprometer a seguran\u00e7a jur\u00eddica das apura\u00e7\u00f5es em andamento.<\/p>\n<p>O \u00f3rg\u00e3o governamental tamb\u00e9m refutou qualquer acusa\u00e7\u00e3o de omiss\u00e3o por parte de seu dirigente. Segundo o comunicado, diversas reuni\u00f5es ocorreram entre julho e agosto com membros da pasta da Justi\u00e7a e da pr\u00f3pria corpora\u00e7\u00e3o policial para viabilizar o encaminhamento direto das d\u00favidas ao magistrado respons\u00e1vel.<\/p>\n<p>Por fim, a AGU reiterou seu compromisso com a coopera\u00e7\u00e3o e a legalidade, mantendo-se aberta para auxiliar nas investiga\u00e7\u00f5es dentro dos limites de suas compet\u00eancias constitucionais.<\/p>\n<p>&#8220;Por Reda\u00e7\u00e3o Acontece&#8221;<\/p>\n<p>Imagem: Divulga\u00e7\u00e3o \/ AGU<\/p>\n","protected":false},"excerpt":{"rendered":"<p>O chefe da Advocacia-Geral da Uni\u00e3o (AGU), Jorge Messias, manifestou-se publicamente nesta sexta-feira a respeito de seu nome constar em um relat\u00f3rio recente da Pol\u00edcia Federal (PF). Explica\u00e7\u00e3o sobre as tratativas no STF De acordo com o posicionamento oficial emitido pela AGU, Messias manteve conversas com o ministro Andr\u00e9 Mendon\u00e7a, que atua como relator dos [&hellip;]<\/p>\n","protected":false},"author":0,"featured_media":35567,"comment_status":"open","ping_status":"open","sticky":false,"template":"","format":"standard","meta":{"footnotes":""},"categories":[28],"tags":[],"class_list":["post-35557","post","type-post","status-publish","format-standard","has-post-thumbnail","hentry","category-mundo"],"_links":{"self":[{"href":"https:\/\/acontecenafronteira.com.br\/index.php\/wp-json\/wp\/v2\/posts\/35557","targetHints":{"allow":["GET"]}}],"collection":[{"href":"https:\/\/acontecenafronteira.com.br\/index.php\/wp-json\/wp\/v2\/posts"}],"about":[{"href":"https:\/\/acontecenafronteira.com.br\/index.php\/wp-json\/wp\/v2\/types\/post"}],"replies":[{"embeddable":true,"href":"https:\/\/acontecenafronteira.com.br\/index.php\/wp-json\/wp\/v2\/comments?post=35557"}],"version-history":[{"count":1,"href":"https:\/\/acontecenafronteira.com.br\/index.php\/wp-json\/wp\/v2\/posts\/35557\/revisions"}],"predecessor-version":[{"id":35566,"href":"https:\/\/acontecenafronteira.com.br\/index.php\/wp-json\/wp\/v2\/posts\/35557\/revisions\/35566"}],"wp:featuredmedia":[{"embeddable":true,"href":"https:\/\/acontecenafronteira.com.br\/index.php\/wp-json\/wp\/v2\/media\/35567"}],"wp:attachment":[{"href":"https:\/\/acontecenafronteira.com.br\/index.php\/wp-json\/wp\/v2\/media?parent=35557"}],"wp:term":[{"taxonomy":"category","embeddable":true,"href":"https:\/\/acontecenafronteira.com.br\/index.php\/wp-json\/wp\/v2\/categories?post=35557"},{"taxonomy":"post_tag","embeddable":true,"href":"https:\/\/acontecenafronteira.com.br\/index.php\/wp-json\/wp\/v2\/tags?post=35557"}],"curies":[{"name":"wp","href":"https:\/\/api.w.org\/{rel}","templated":true}]}}