{"id":35556,"date":"2026-09-04T20:36:38","date_gmt":"2026-09-04T23:36:38","guid":{"rendered":"https:\/\/acontecenafronteira.com.br\/?p=35556"},"modified":"2026-09-04T20:36:38","modified_gmt":"2026-09-04T23:36:38","slug":"neymar-desfalca-santos-por-ate-dois-meses-apos-lesao","status":"publish","type":"post","link":"https:\/\/acontecenafronteira.com.br\/index.php\/2026\/09\/04\/neymar-desfalca-santos-por-ate-dois-meses-apos-lesao\/","title":{"rendered":"Neymar desfalca Santos por at\u00e9 dois meses ap\u00f3s les\u00e3o"},"content":{"rendered":"<p>O departamento m\u00e9dico do Santos estima que o atacante Neymar precisar\u00e1 de oito semanas completas para se recuperar de uma nova contus\u00e3o muscular sofrida durante partida decisiva pela Copa do Brasil.<\/p>\n<h2>Diagn\u00f3stico e gravidade da les\u00e3o<\/h2>\n<p>Os exames de imagem realizados ap\u00f3s o confronto confirmaram que o atleta sofreu uma les\u00e3o de grau 2B no m\u00fasculo reto anterior da coxa direita. Diante da gravidade do quadro cl\u00ednico, a expectativa da equipe m\u00e9dica \u00e9 de que o prazo m\u00e1ximo de recupera\u00e7\u00e3o seja necess\u00e1rio.<\/p>\n<h2>Reclama\u00e7\u00f5es sobre o gramado da Vila Belmiro<\/h2>\n<p>A contus\u00e3o ocorreu durante o empate contra o Palmeiras, v\u00e1lido pelas quartas de final do torneio nacional. O jogador sentiu dores ainda na etapa inicial e acabou substitu\u00eddo no intervalo da partida.<\/p>\n<p>No dia seguinte ao duelo, o camisa 10 utilizou suas redes sociais para criticar duramente as condi\u00e7\u00f5es do gramado da Vila Belmiro, culpando a equipe de manuten\u00e7\u00e3o pelo estado irregular do campo.<\/p>\n<p>Por Reda\u00e7\u00e3o Acontece<\/p>\n<p>Foto: Divulga\u00e7\u00e3o\/Santos FC<\/p>\n","protected":false},"excerpt":{"rendered":"<p>O departamento m\u00e9dico do Santos estima que o atacante Neymar precisar\u00e1 de oito semanas completas para se recuperar de uma nova contus\u00e3o muscular sofrida durante partida decisiva pela Copa do Brasil. Diagn\u00f3stico e gravidade da les\u00e3o Os exames de imagem realizados ap\u00f3s o confronto confirmaram que o atleta sofreu uma les\u00e3o de grau 2B no [&hellip;]<\/p>\n","protected":false},"author":0,"featured_media":35565,"comment_status":"open","ping_status":"open","sticky":false,"template":"","format":"standard","meta":{"footnotes":""},"categories":[28],"tags":[],"class_list":["post-35556","post","type-post","status-publish","format-standard","has-post-thumbnail","hentry","category-mundo"],"_links":{"self":[{"href":"https:\/\/acontecenafronteira.com.br\/index.php\/wp-json\/wp\/v2\/posts\/35556","targetHints":{"allow":["GET"]}}],"collection":[{"href":"https:\/\/acontecenafronteira.com.br\/index.php\/wp-json\/wp\/v2\/posts"}],"about":[{"href":"https:\/\/acontecenafronteira.com.br\/index.php\/wp-json\/wp\/v2\/types\/post"}],"replies":[{"embeddable":true,"href":"https:\/\/acontecenafronteira.com.br\/index.php\/wp-json\/wp\/v2\/comments?post=35556"}],"version-history":[{"count":1,"href":"https:\/\/acontecenafronteira.com.br\/index.php\/wp-json\/wp\/v2\/posts\/35556\/revisions"}],"predecessor-version":[{"id":35564,"href":"https:\/\/acontecenafronteira.com.br\/index.php\/wp-json\/wp\/v2\/posts\/35556\/revisions\/35564"}],"wp:featuredmedia":[{"embeddable":true,"href":"https:\/\/acontecenafronteira.com.br\/index.php\/wp-json\/wp\/v2\/media\/35565"}],"wp:attachment":[{"href":"https:\/\/acontecenafronteira.com.br\/index.php\/wp-json\/wp\/v2\/media?parent=35556"}],"wp:term":[{"taxonomy":"category","embeddable":true,"href":"https:\/\/acontecenafronteira.com.br\/index.php\/wp-json\/wp\/v2\/categories?post=35556"},{"taxonomy":"post_tag","embeddable":true,"href":"https:\/\/acontecenafronteira.com.br\/index.php\/wp-json\/wp\/v2\/tags?post=35556"}],"curies":[{"name":"wp","href":"https:\/\/api.w.org\/{rel}","templated":true}]}}