{"id":35554,"date":"2026-09-04T20:36:24","date_gmt":"2026-09-04T23:36:24","guid":{"rendered":"https:\/\/acontecenafronteira.com.br\/?p=35554"},"modified":"2026-09-04T20:36:24","modified_gmt":"2026-09-04T23:36:24","slug":"show-do-the-hives-no-rock-in-rio-energia-pura-e-rock-garagem","status":"publish","type":"post","link":"https:\/\/acontecenafronteira.com.br\/index.php\/2026\/09\/04\/show-do-the-hives-no-rock-in-rio-energia-pura-e-rock-garagem\/","title":{"rendered":"Show do The Hives no Rock in Rio: Energia pura e rock garagem"},"content":{"rendered":"<p>Pontualmente \u00e0s 19h, a banda sueca The Hives iniciou sua apresenta\u00e7\u00e3o no Rock in Rio com um sonar exibido nos tel\u00f5es, marcando a segunda atra\u00e7\u00e3o da noite de abertura do festival.<\/p>\n<h2>Apresenta\u00e7\u00e3o eletrizante<\/h2>\n<p>O quinteto subiu ao palco usando seus tradicionais ternos nas cores preto e branco, desta vez adornados com detalhes luminosos, abrindo a performance com a faixa &#8220;Enough is enough&#8221; para um p\u00fablico que ainda se acomodava ap\u00f3s os shows do Palco Sunset.<\/p>\n<p>Com apenas dez minutos de espet\u00e1culo, o rock de garagem contagiou a plateia, fazendo com que mais pessoas come\u00e7assem a dan\u00e7ar e pular ao som do grupo estrangeiro.<\/p>\n<h2>Intera\u00e7\u00e3o com o p\u00fablico<\/h2>\n<p>O vocalista Pelle Almqvist demonstrou simpatia ao arriscar frases em portugu\u00eas logo ap\u00f3s executar &#8220;Main offender&#8221;, cumprimentando os presentes e introduzindo a m\u00fasica &#8220;Hooray hooray hooray&#8221;.<\/p>\n<p>A energia permaneceu em alta com o repert\u00f3rio din\u00e2mico que incluiu sucessos como &#8220;Paint a picture&#8221;, &#8220;Bogus operandi&#8221; e o aclamado &#8220;Hate to say I told you so&#8221;, anunciado pelo cantor como um grande hit.<\/p>\n<p>Ao longo de uma hora de show ininterrupto, os m\u00fasicos exibiram forte personalidade e vitalidade, comandando intera\u00e7\u00f5es divertidas com a multid\u00e3o, incluindo palmas, saltos e um momento em que todos abaixaram juntos.<\/p>\n<p>O encerramento contou com passagens marcantes ao som de &#8220;Tick tick boom&#8221; e &#8220;Legalize living&#8221;, consolidando os elogios repetidos pelo vocalista ao longo da noite direcionados ao festival e \u00e0 plateia brasileira.<\/p>\n<p>Por Reda\u00e7\u00e3o Acontece<\/p>\n<p>Cr\u00e9ditos da imagem: Divulga\u00e7\u00e3o \/ Rock in Rio<\/p>\n","protected":false},"excerpt":{"rendered":"<p>Pontualmente \u00e0s 19h, a banda sueca The Hives iniciou sua apresenta\u00e7\u00e3o no Rock in Rio com um sonar exibido nos tel\u00f5es, marcando a segunda atra\u00e7\u00e3o da noite de abertura do festival. Apresenta\u00e7\u00e3o eletrizante O quinteto subiu ao palco usando seus tradicionais ternos nas cores preto e branco, desta vez adornados com detalhes luminosos, abrindo a [&hellip;]<\/p>\n","protected":false},"author":0,"featured_media":35561,"comment_status":"open","ping_status":"open","sticky":false,"template":"","format":"standard","meta":{"footnotes":""},"categories":[28],"tags":[],"class_list":["post-35554","post","type-post","status-publish","format-standard","has-post-thumbnail","hentry","category-mundo"],"_links":{"self":[{"href":"https:\/\/acontecenafronteira.com.br\/index.php\/wp-json\/wp\/v2\/posts\/35554","targetHints":{"allow":["GET"]}}],"collection":[{"href":"https:\/\/acontecenafronteira.com.br\/index.php\/wp-json\/wp\/v2\/posts"}],"about":[{"href":"https:\/\/acontecenafronteira.com.br\/index.php\/wp-json\/wp\/v2\/types\/post"}],"replies":[{"embeddable":true,"href":"https:\/\/acontecenafronteira.com.br\/index.php\/wp-json\/wp\/v2\/comments?post=35554"}],"version-history":[{"count":1,"href":"https:\/\/acontecenafronteira.com.br\/index.php\/wp-json\/wp\/v2\/posts\/35554\/revisions"}],"predecessor-version":[{"id":35560,"href":"https:\/\/acontecenafronteira.com.br\/index.php\/wp-json\/wp\/v2\/posts\/35554\/revisions\/35560"}],"wp:featuredmedia":[{"embeddable":true,"href":"https:\/\/acontecenafronteira.com.br\/index.php\/wp-json\/wp\/v2\/media\/35561"}],"wp:attachment":[{"href":"https:\/\/acontecenafronteira.com.br\/index.php\/wp-json\/wp\/v2\/media?parent=35554"}],"wp:term":[{"taxonomy":"category","embeddable":true,"href":"https:\/\/acontecenafronteira.com.br\/index.php\/wp-json\/wp\/v2\/categories?post=35554"},{"taxonomy":"post_tag","embeddable":true,"href":"https:\/\/acontecenafronteira.com.br\/index.php\/wp-json\/wp\/v2\/tags?post=35554"}],"curies":[{"name":"wp","href":"https:\/\/api.w.org\/{rel}","templated":true}]}}