{"id":35542,"date":"2026-09-04T20:36:07","date_gmt":"2026-09-04T23:36:07","guid":{"rendered":"https:\/\/acontecenafronteira.com.br\/?p=35542"},"modified":"2026-09-04T20:36:07","modified_gmt":"2026-09-04T23:36:07","slug":"deltan-dallagnol-no-pr-defesa-nega-veto-do-stf-para-2026","status":"publish","type":"post","link":"https:\/\/acontecenafronteira.com.br\/index.php\/2026\/09\/04\/deltan-dallagnol-no-pr-defesa-nega-veto-do-stf-para-2026\/","title":{"rendered":"Deltan Dallagnol no PR: defesa nega veto do STF para 2026"},"content":{"rendered":"<p>A defesa jur\u00eddica de Deltan Dallagnol, filiado ao partido Novo e pr\u00e9-candidato ao Senado pelo estado do Paran\u00e1, apresentou manifesta\u00e7\u00e3o oficial ao Tribunal Regional Eleitoral do Paran\u00e1 (TRE-PR) sustentando que o Supremo Tribunal Federal (STF) jamais imp\u00f4s qualquer impedimento definitivo \u00e0 sua elegibilidade para o pleito de 2026.<\/p>\n<h2>Posicionamento da defesa no Paran\u00e1<\/h2>\n<p>Os advogados argumentam que as decis\u00f5es recentes da Suprema Corte n\u00e3o criam barreiras intranspon\u00edveis para a participa\u00e7\u00e3o do pol\u00edtico paranaense nas pr\u00f3ximas disputas eleitorais. A manifesta\u00e7\u00e3o busca afastar qualquer interpreta\u00e7\u00e3o de inelegibilidade permanente, garantindo que os direitos pol\u00edticos do ex-procurador continuam preservados dentro do ordenamento jur\u00eddico brasileiro.<\/p>\n<h3>Contexto da disputa eleitoral<\/h3>\n<p>A movimenta\u00e7\u00e3o jur\u00eddica ocorre em meio aos preparativos para as elei\u00e7\u00f5es, onde o cen\u00e1rio pol\u00edtico do estado do Paran\u00e1 j\u00e1 movimenta bastidores partid\u00e1rios intensos. A defesa refor\u00e7a que o cen\u00e1rio est\u00e1 aberto e que n\u00e3o h\u00e1 base legal para barrar a campanha projetada para os pr\u00f3ximos anos.<\/p>\n<p>Outro aspecto relevante da peti\u00e7\u00e3o diz respeito \u00e0 an\u00e1lise minuciosa dos prazos e das condi\u00e7\u00f5es de elegibilidade exigidas pela Justi\u00e7a Eleitoral, pontos que s\u00e3o constantemente monitorados pelas equipes jur\u00eddicas dos principais nomes cotados para a corrida ao Senado.<\/p>\n<p>O debate jur\u00eddico segue em an\u00e1lise no \u00e2mbito do tribunal estadual, devendo novos desdobramentos ocorrerem conforme o andamento do calend\u00e1rio eleitoral e as pr\u00f3ximas manifesta\u00e7\u00f5es do Minist\u00e9rio P\u00fablico Eleitoral.<\/p>\n<p>Por Reda\u00e7\u00e3o Acontece<\/p>\n<p>Cr\u00e9ditos da imagem: Divulga\u00e7\u00e3o \/ Partido Novo<\/p>\n","protected":false},"excerpt":{"rendered":"<p>A defesa jur\u00eddica de Deltan Dallagnol, filiado ao partido Novo e pr\u00e9-candidato ao Senado pelo estado do Paran\u00e1, apresentou manifesta\u00e7\u00e3o oficial ao Tribunal Regional Eleitoral do Paran\u00e1 (TRE-PR) sustentando que o Supremo Tribunal Federal (STF) jamais imp\u00f4s qualquer impedimento definitivo \u00e0 sua elegibilidade para o pleito de 2026. Posicionamento da defesa no Paran\u00e1 Os advogados [&hellip;]<\/p>\n","protected":false},"author":0,"featured_media":35552,"comment_status":"open","ping_status":"open","sticky":false,"template":"","format":"standard","meta":{"footnotes":""},"categories":[18],"tags":[],"class_list":["post-35542","post","type-post","status-publish","format-standard","has-post-thumbnail","hentry","category-parana"],"_links":{"self":[{"href":"https:\/\/acontecenafronteira.com.br\/index.php\/wp-json\/wp\/v2\/posts\/35542","targetHints":{"allow":["GET"]}}],"collection":[{"href":"https:\/\/acontecenafronteira.com.br\/index.php\/wp-json\/wp\/v2\/posts"}],"about":[{"href":"https:\/\/acontecenafronteira.com.br\/index.php\/wp-json\/wp\/v2\/types\/post"}],"replies":[{"embeddable":true,"href":"https:\/\/acontecenafronteira.com.br\/index.php\/wp-json\/wp\/v2\/comments?post=35542"}],"version-history":[{"count":1,"href":"https:\/\/acontecenafronteira.com.br\/index.php\/wp-json\/wp\/v2\/posts\/35542\/revisions"}],"predecessor-version":[{"id":35551,"href":"https:\/\/acontecenafronteira.com.br\/index.php\/wp-json\/wp\/v2\/posts\/35542\/revisions\/35551"}],"wp:featuredmedia":[{"embeddable":true,"href":"https:\/\/acontecenafronteira.com.br\/index.php\/wp-json\/wp\/v2\/media\/35552"}],"wp:attachment":[{"href":"https:\/\/acontecenafronteira.com.br\/index.php\/wp-json\/wp\/v2\/media?parent=35542"}],"wp:term":[{"taxonomy":"category","embeddable":true,"href":"https:\/\/acontecenafronteira.com.br\/index.php\/wp-json\/wp\/v2\/categories?post=35542"},{"taxonomy":"post_tag","embeddable":true,"href":"https:\/\/acontecenafronteira.com.br\/index.php\/wp-json\/wp\/v2\/tags?post=35542"}],"curies":[{"name":"wp","href":"https:\/\/api.w.org\/{rel}","templated":true}]}}