{"id":35541,"date":"2026-09-04T20:36:02","date_gmt":"2026-09-04T23:36:02","guid":{"rendered":"https:\/\/acontecenafronteira.com.br\/?p=35541"},"modified":"2026-09-04T20:36:02","modified_gmt":"2026-09-04T23:36:02","slug":"sergio-moro-promete-autonomia-a-prefeitos-e-descarta-perseguicao","status":"publish","type":"post","link":"https:\/\/acontecenafronteira.com.br\/index.php\/2026\/09\/04\/sergio-moro-promete-autonomia-a-prefeitos-e-descarta-perseguicao\/","title":{"rendered":"Sergio Moro promete autonomia a prefeitos e descarta persegui\u00e7\u00e3o"},"content":{"rendered":"<p>O candidato ao Governo do Paran\u00e1 Sergio Moro (PL) garantiu, nesta sexta-feira (4), total <strong>liberdade pol\u00edtica<\/strong> aos prefeitos paranaenses e assegurou que sua gest\u00e3o ser\u00e1 livre de qualquer tipo de persegui\u00e7\u00e3o partid\u00e1ria. A declara\u00e7\u00e3o foi feita durante um evento oficial realizado na Associa\u00e7\u00e3o dos Munic\u00edpios do Setentri\u00e3o Paranaense (Amusep).<\/p>\n<p>H2 Compromisso com os gestores municipais<\/p>\n<p>Diante de dezenas de lideran\u00e7as pol\u00edticas da regi\u00e3o norte do estado, o postulante ao Pal\u00e1cio Igua\u00e7u enfatizou que os recursos p\u00fablicos e o apoio estadual n\u00e3o ser\u00e3o condicionados a alian\u00e7as partid\u00e1rias ou prefer\u00eancias ideol\u00f3gicas. Moro destacou que o foco principal da administra\u00e7\u00e3o ser\u00e1 o desenvolvimento regional e a efici\u00eancia na entrega de servi\u00e7os \u00e0 popula\u00e7\u00e3o.<\/p>\n<p>H3 Di\u00e1logo aberto com as prefeituras<\/p>\n<p>Segundo o pol\u00edtico, o governo estadual precisa atuar como um parceiro estrat\u00e9gico das cidades, independentemente da sigla partid\u00e1ria dos prefeitos eleitos. A proposta apresentada visa descentralizar a\u00e7\u00f5es e estreitar os la\u00e7os entre o Executivo estadual e as administra\u00e7\u00f5es locais, garantindo maior agilidade na libera\u00e7\u00e3o de verbas e execu\u00e7\u00e3o de obras essenciais.<\/p>\n<p>O encontro na sede da Amusep serviu para que o candidato detalhasse suas diretrizes administrativas voltadas para o municipalismo, refor\u00e7ando a necessidade de uma rela\u00e7\u00e3o republicana e transparente com os 399 munic\u00edpios paranaenses.<\/p>\n<p>A iniciativa busca consolidar apoios importantes no interior do estado e tranquilizar gestores preocupados com poss\u00edveis retalia\u00e7\u00f5es pol\u00edticas em futuras inst\u00e2ncias de poder.<\/p>\n<p>Por Reda\u00e7\u00e3o Acontece<\/p>\n<p>Cr\u00e9ditos da imagem: Divulga\u00e7\u00e3o\/Amusep<\/p>\n","protected":false},"excerpt":{"rendered":"<p>O candidato ao Governo do Paran\u00e1 Sergio Moro (PL) garantiu, nesta sexta-feira (4), total liberdade pol\u00edtica aos prefeitos paranaenses e assegurou que sua gest\u00e3o ser\u00e1 livre de qualquer tipo de persegui\u00e7\u00e3o partid\u00e1ria. A declara\u00e7\u00e3o foi feita durante um evento oficial realizado na Associa\u00e7\u00e3o dos Munic\u00edpios do Setentri\u00e3o Paranaense (Amusep). H2 Compromisso com os gestores municipais [&hellip;]<\/p>\n","protected":false},"author":0,"featured_media":35550,"comment_status":"open","ping_status":"open","sticky":false,"template":"","format":"standard","meta":{"footnotes":""},"categories":[18],"tags":[],"class_list":["post-35541","post","type-post","status-publish","format-standard","has-post-thumbnail","hentry","category-parana"],"_links":{"self":[{"href":"https:\/\/acontecenafronteira.com.br\/index.php\/wp-json\/wp\/v2\/posts\/35541","targetHints":{"allow":["GET"]}}],"collection":[{"href":"https:\/\/acontecenafronteira.com.br\/index.php\/wp-json\/wp\/v2\/posts"}],"about":[{"href":"https:\/\/acontecenafronteira.com.br\/index.php\/wp-json\/wp\/v2\/types\/post"}],"replies":[{"embeddable":true,"href":"https:\/\/acontecenafronteira.com.br\/index.php\/wp-json\/wp\/v2\/comments?post=35541"}],"version-history":[{"count":1,"href":"https:\/\/acontecenafronteira.com.br\/index.php\/wp-json\/wp\/v2\/posts\/35541\/revisions"}],"predecessor-version":[{"id":35549,"href":"https:\/\/acontecenafronteira.com.br\/index.php\/wp-json\/wp\/v2\/posts\/35541\/revisions\/35549"}],"wp:featuredmedia":[{"embeddable":true,"href":"https:\/\/acontecenafronteira.com.br\/index.php\/wp-json\/wp\/v2\/media\/35550"}],"wp:attachment":[{"href":"https:\/\/acontecenafronteira.com.br\/index.php\/wp-json\/wp\/v2\/media?parent=35541"}],"wp:term":[{"taxonomy":"category","embeddable":true,"href":"https:\/\/acontecenafronteira.com.br\/index.php\/wp-json\/wp\/v2\/categories?post=35541"},{"taxonomy":"post_tag","embeddable":true,"href":"https:\/\/acontecenafronteira.com.br\/index.php\/wp-json\/wp\/v2\/tags?post=35541"}],"curies":[{"name":"wp","href":"https:\/\/api.w.org\/{rel}","templated":true}]}}