{"id":35539,"date":"2026-09-04T20:35:54","date_gmt":"2026-09-04T23:35:54","guid":{"rendered":"https:\/\/acontecenafronteira.com.br\/?p=35539"},"modified":"2026-09-04T20:35:54","modified_gmt":"2026-09-04T23:35:54","slug":"stein-cascavel-estreia-no-mata-mata-da-lff-contra-sao-jose","status":"publish","type":"post","link":"https:\/\/acontecenafronteira.com.br\/index.php\/2026\/09\/04\/stein-cascavel-estreia-no-mata-mata-da-lff-contra-sao-jose\/","title":{"rendered":"Stein Cascavel estreia no mata-mata da LFF contra S\u00e3o Jos\u00e9"},"content":{"rendered":"<p>O time paranaense Stein Cascavel d\u00e1 o pontap\u00e9 inicial em sua caminhada na fase eliminat\u00f3ria da Liga Feminina de Futsal (LFF) neste fim de semana. A equipe do Oeste do estado viaja para enfrentar o S\u00e3o Jos\u00e9 no jogo de ida das quartas de final, buscando largar na frente rumo \u00e0 defesa do t\u00edtulo nacional.<\/p>\n<p>H2 Prepara\u00e7\u00e3o intensa para o desafio no Sudeste<\/p>\n<p>O comandante M\u00e1rcio Coelho adotou uma postura de cautela e valorizou o n\u00edvel competitivo do advers\u00e1rio paulista. Conhecido por sua filosofia anal\u00edtica, o treinador destacou que a equipe de S\u00e3o Jos\u00e9 dos Campos conta com atletas experientes e exigir\u00e1 concentra\u00e7\u00e3o m\u00e1xima durante os quarenta minutos de partida fora de casa.<\/p>\n<p>H3 Foco total na LFF<\/p>\n<p>Para chegar a esta etapa decisiva em boas condi\u00e7\u00f5es, o elenco paranaense ajustou detalhes t\u00e1ticos em sua quadra de treinamentos ao longo da semana. A comiss\u00e3o t\u00e9cnica enfatizou a import\u00e2ncia de manter a solidez defensiva e aproveitar as oportunidades de transi\u00e7\u00e3o r\u00e1pida para surpreender as donas da casa no confronto de ida.<\/p>\n<p>A partida de volta est\u00e1 agendada para acontecer em solo paranaense, onde a torcida deve comparecer em peso para empurrar o time rumo \u00e0 classifica\u00e7\u00e3o para a semifinal. O clube busca manter a hegemonia na modalidade e seguir firme na briga por mais um trof\u00e9u de express\u00e3o nacional para o esporte do Paran\u00e1.<\/p>\n<p>Por Reda\u00e7\u00e3o Acontece<\/p>\n<p>Cr\u00e9ditos da imagem: Divulga\u00e7\u00e3o \/ Stein Cascavel<\/p>\n","protected":false},"excerpt":{"rendered":"<p>O time paranaense Stein Cascavel d\u00e1 o pontap\u00e9 inicial em sua caminhada na fase eliminat\u00f3ria da Liga Feminina de Futsal (LFF) neste fim de semana. A equipe do Oeste do estado viaja para enfrentar o S\u00e3o Jos\u00e9 no jogo de ida das quartas de final, buscando largar na frente rumo \u00e0 defesa do t\u00edtulo nacional. [&hellip;]<\/p>\n","protected":false},"author":0,"featured_media":35546,"comment_status":"open","ping_status":"open","sticky":false,"template":"","format":"standard","meta":{"footnotes":""},"categories":[18],"tags":[],"class_list":["post-35539","post","type-post","status-publish","format-standard","has-post-thumbnail","hentry","category-parana"],"_links":{"self":[{"href":"https:\/\/acontecenafronteira.com.br\/index.php\/wp-json\/wp\/v2\/posts\/35539","targetHints":{"allow":["GET"]}}],"collection":[{"href":"https:\/\/acontecenafronteira.com.br\/index.php\/wp-json\/wp\/v2\/posts"}],"about":[{"href":"https:\/\/acontecenafronteira.com.br\/index.php\/wp-json\/wp\/v2\/types\/post"}],"replies":[{"embeddable":true,"href":"https:\/\/acontecenafronteira.com.br\/index.php\/wp-json\/wp\/v2\/comments?post=35539"}],"version-history":[{"count":1,"href":"https:\/\/acontecenafronteira.com.br\/index.php\/wp-json\/wp\/v2\/posts\/35539\/revisions"}],"predecessor-version":[{"id":35545,"href":"https:\/\/acontecenafronteira.com.br\/index.php\/wp-json\/wp\/v2\/posts\/35539\/revisions\/35545"}],"wp:featuredmedia":[{"embeddable":true,"href":"https:\/\/acontecenafronteira.com.br\/index.php\/wp-json\/wp\/v2\/media\/35546"}],"wp:attachment":[{"href":"https:\/\/acontecenafronteira.com.br\/index.php\/wp-json\/wp\/v2\/media?parent=35539"}],"wp:term":[{"taxonomy":"category","embeddable":true,"href":"https:\/\/acontecenafronteira.com.br\/index.php\/wp-json\/wp\/v2\/categories?post=35539"},{"taxonomy":"post_tag","embeddable":true,"href":"https:\/\/acontecenafronteira.com.br\/index.php\/wp-json\/wp\/v2\/tags?post=35539"}],"curies":[{"name":"wp","href":"https:\/\/api.w.org\/{rel}","templated":true}]}}