{"id":35536,"date":"2026-09-04T19:49:20","date_gmt":"2026-09-04T22:49:20","guid":{"rendered":"https:\/\/acontecenafronteira.com.br\/?p=35536"},"modified":"2026-09-04T19:49:22","modified_gmt":"2026-09-04T22:49:22","slug":"justica-eleitoral-marca-retotalizacao-dos-votos-das-eleicoes-de-2024-em-foz-do-iguacu","status":"publish","type":"post","link":"https:\/\/acontecenafronteira.com.br\/index.php\/2026\/09\/04\/justica-eleitoral-marca-retotalizacao-dos-votos-das-eleicoes-de-2024-em-foz-do-iguacu\/","title":{"rendered":"Justi\u00e7a Eleitoral marca retotaliza\u00e7\u00e3o dos votos das elei\u00e7\u00f5es de 2024 em Foz do Igua\u00e7u"},"content":{"rendered":"\n<p class=\"wp-block-paragraph\">Retotaliza\u00e7\u00e3o das elei\u00e7\u00f5es de 2024 est\u00e1 marcada para 11 de setembro e poder\u00e1 confirmar a mudan\u00e7a na composi\u00e7\u00e3o da C\u00e2mara Municipal.<br><br><\/p>\n\n\n\n<p class=\"wp-block-paragraph\">A Justi\u00e7a Eleitoral de Foz do Igua\u00e7u realizar\u00e1, na pr\u00f3xima quinta-feira, 11 de setembro, \u00e0s 14 horas, a cerim\u00f4nia de retotaliza\u00e7\u00e3o dos votos das elei\u00e7\u00f5es municipais de 2024. O procedimento acontecer\u00e1 na sede do Cart\u00f3rio da 46\u00aa Zona Eleitoral, localizada na Avenida Costa e Silva, n\u00ba 1.599.<\/p>\n\n\n\n<p class=\"wp-block-paragraph\">A determina\u00e7\u00e3o \u00e9 do juiz eleitoral Ederson Alves e ocorre ap\u00f3s a cassa\u00e7\u00e3o dos Demonstrativos de Regularidade de Atos Partid\u00e1rios (DRAPs) do AGIR e do Partido da Mulher Brasileira (PMB), al\u00e9m dos registros de candidaturas vinculados \u00e0s duas siglas.<\/p>\n\n\n\n<p class=\"wp-block-paragraph\">Com as decis\u00f5es judiciais, os votos recebidos pelos partidos e por seus respectivos candidatos passaram a ser considerados nulos, o que torna necess\u00e1ria uma nova totaliza\u00e7\u00e3o dos votos v\u00e1lidos e, consequentemente, uma nova distribui\u00e7\u00e3o das vagas da C\u00e2mara Municipal.<\/p>\n\n\n\n<p class=\"wp-block-paragraph\">A retotaliza\u00e7\u00e3o poder\u00e1 provocar mudan\u00e7as na composi\u00e7\u00e3o do Legislativo igua\u00e7uense. Entre as poss\u00edveis altera\u00e7\u00f5es est\u00e1 a sa\u00edda do vereador Soldado Fruet e a convoca\u00e7\u00e3o de Valdir de Souza, conhecido como Maninho, para assumir uma cadeira na C\u00e2mara Municipal, conforme o resultado da nova totaliza\u00e7\u00e3o.<\/p>\n\n\n\n<p class=\"wp-block-paragraph\">O procedimento ser\u00e1 realizado ap\u00f3s o Tribunal Regional Eleitoral do Paran\u00e1 (TRE-PR) rejeitar, por maioria dos votos, os embargos de declara\u00e7\u00e3o apresentados pela defesa de Soldado Fruet no processo que discute uma suposta fraude \u00e0 cota de g\u00eanero e os efeitos das decis\u00f5es judiciais relacionadas ao caso.<\/p>\n\n\n\n<p class=\"wp-block-paragraph\">Durante o julgamento, o Tribunal manteve o entendimento do ac\u00f3rd\u00e3o anterior e determinou o prosseguimento dos efeitos da decis\u00e3o, incluindo a retotaliza\u00e7\u00e3o dos votos das elei\u00e7\u00f5es proporcionais de 2024.<\/p>\n\n\n\n<p class=\"wp-block-paragraph\">O relator do processo e corregedor do TRE-PR, desembargador Fernando Antonio Prazeres, votou pela rejei\u00e7\u00e3o dos embargos. Segundo o magistrado, n\u00e3o havia omiss\u00e3o ou contradi\u00e7\u00e3o na decis\u00e3o anterior que justificasse uma revis\u00e3o do entendimento adotado pelo Tribunal.<\/p>\n\n\n\n<p class=\"wp-block-paragraph\"><\/p>\n\n\n\n<p class=\"wp-block-paragraph\"><\/p>\n","protected":false},"excerpt":{"rendered":"<p>Retotaliza\u00e7\u00e3o das elei\u00e7\u00f5es de 2024 est\u00e1 marcada para 11 de setembro e poder\u00e1 confirmar a mudan\u00e7a na composi\u00e7\u00e3o da C\u00e2mara Municipal. A Justi\u00e7a Eleitoral de Foz do Igua\u00e7u realizar\u00e1, na pr\u00f3xima quinta-feira, 11 de setembro, \u00e0s 14 horas, a cerim\u00f4nia de retotaliza\u00e7\u00e3o dos votos das elei\u00e7\u00f5es municipais de 2024. O procedimento acontecer\u00e1 na sede do [&hellip;]<\/p>\n","protected":false},"author":2,"featured_media":19238,"comment_status":"open","ping_status":"open","sticky":false,"template":"","format":"standard","meta":{"footnotes":""},"categories":[26,4,19],"tags":[],"class_list":["post-35536","post","type-post","status-publish","format-standard","has-post-thumbnail","hentry","category-brasil","category-cidade","category-politica"],"_links":{"self":[{"href":"https:\/\/acontecenafronteira.com.br\/index.php\/wp-json\/wp\/v2\/posts\/35536","targetHints":{"allow":["GET"]}}],"collection":[{"href":"https:\/\/acontecenafronteira.com.br\/index.php\/wp-json\/wp\/v2\/posts"}],"about":[{"href":"https:\/\/acontecenafronteira.com.br\/index.php\/wp-json\/wp\/v2\/types\/post"}],"author":[{"embeddable":true,"href":"https:\/\/acontecenafronteira.com.br\/index.php\/wp-json\/wp\/v2\/users\/2"}],"replies":[{"embeddable":true,"href":"https:\/\/acontecenafronteira.com.br\/index.php\/wp-json\/wp\/v2\/comments?post=35536"}],"version-history":[{"count":1,"href":"https:\/\/acontecenafronteira.com.br\/index.php\/wp-json\/wp\/v2\/posts\/35536\/revisions"}],"predecessor-version":[{"id":35537,"href":"https:\/\/acontecenafronteira.com.br\/index.php\/wp-json\/wp\/v2\/posts\/35536\/revisions\/35537"}],"wp:featuredmedia":[{"embeddable":true,"href":"https:\/\/acontecenafronteira.com.br\/index.php\/wp-json\/wp\/v2\/media\/19238"}],"wp:attachment":[{"href":"https:\/\/acontecenafronteira.com.br\/index.php\/wp-json\/wp\/v2\/media?parent=35536"}],"wp:term":[{"taxonomy":"category","embeddable":true,"href":"https:\/\/acontecenafronteira.com.br\/index.php\/wp-json\/wp\/v2\/categories?post=35536"},{"taxonomy":"post_tag","embeddable":true,"href":"https:\/\/acontecenafronteira.com.br\/index.php\/wp-json\/wp\/v2\/tags?post=35536"}],"curies":[{"name":"wp","href":"https:\/\/api.w.org\/{rel}","templated":true}]}}