{"id":35499,"date":"2026-09-04T19:37:36","date_gmt":"2026-09-04T22:37:36","guid":{"rendered":"https:\/\/acontecenafronteira.com.br\/?p=35499"},"modified":"2026-09-04T19:37:36","modified_gmt":"2026-09-04T22:37:36","slug":"empresarios-do-parana-cobram-codigo-de-etica-rigoroso-no-stf","status":"publish","type":"post","link":"https:\/\/acontecenafronteira.com.br\/index.php\/2026\/09\/04\/empresarios-do-parana-cobram-codigo-de-etica-rigoroso-no-stf\/","title":{"rendered":"Empres\u00e1rios do Paran\u00e1 cobram c\u00f3digo de \u00e9tica rigoroso no STF"},"content":{"rendered":"<p>Empres\u00e1rios brasileiros, incluindo lideran\u00e7as com forte atua\u00e7\u00e3o no Paran\u00e1, iniciaram articula\u00e7\u00f5es nos bastidores para lan\u00e7ar um novo manifesto cobrando da presid\u00eancia do Supremo Tribunal Federal (STF) a implementa\u00e7\u00e3o urgente de um c\u00f3digo de conduta formal para os magistrados da mais alta corte do pa\u00eds.<\/p>\n<h2>Repercuss\u00e3o no setor produtivo<\/h2>\n<p>A mobiliza\u00e7\u00e3o ganhou for\u00e7a ap\u00f3s revela\u00e7\u00f5es conduzidas pela Pol\u00edcia Federal envolvendo di\u00e1logos entre o ministro Alexandre de Moraes e o banqueiro Daniel Vorcaro, propriet\u00e1rio do banco Master. As informa\u00e7\u00f5es geraram forte clima de instabilidade e desconfian\u00e7a entre investidores sobre a imparcialidade do tribunal que zela pela Constitui\u00e7\u00e3o.<\/p>\n<p>Durante o F\u00f3rum Neg\u00f3cios Brasil, o fundador do Grupo Petz Cobasi, Sergio Zimerman, expressou indigna\u00e7\u00e3o p\u00fablica com o cen\u00e1rio atual, defendendo mobiliza\u00e7\u00f5es populares caso os fatos apurados fiquem sem respostas institucionais e puni\u00e7\u00f5es adequadas. O empres\u00e1rio tamb\u00e9m criticou manifesta\u00e7\u00f5es da Procuradoria-Geral da Rep\u00fablica voltadas \u00e0 anula\u00e7\u00e3o de relat\u00f3rios fundamentais da corpora\u00e7\u00e3o policial.<\/p>\n<h2>Hist\u00f3rico de cobran\u00e7as por transpar\u00eancia<\/h2>\n<p>Esta nova carta em elabora\u00e7\u00e3o surge na sequ\u00eancia de um documento anterior publicado em dezembro, que reuniu cerca de duzentas assinaturas de economistas, acad\u00eamicos e l\u00edderes empresariais.<\/p>\n<p>Entre os signat\u00e1rios da primeira iniciativa destacaram-se figuras de peso como o ex-presidente do Banco Central Arminio Fraga, o fundador da Natura Antonio Luiz Seabra e o pol\u00edtico Jo\u00e3o Amo\u00eado, al\u00e9m de professores universit\u00e1rios renomados.<\/p>\n<p>O texto pioneiro destacava a urg\u00eancia de estabelecer limites \u00e9ticos claros para preservar a credibilidade e a autoridade moral do Judici\u00e1rio nacional, sobretudo ap\u00f3s epis\u00f3dios envolvendo viagens em jatos particulares e contratos advocat\u00edcios milion\u00e1rios associados a familiares de ministros.<\/p>\n<h2>Impacto na economia e nos investimentos<\/h2>\n<p>Representantes do setor empresarial que acompanham as negocia\u00e7\u00f5es via aplicativo de mensagens refor\u00e7am que a falta de diretrizes \u00e9ticas transparentes prejudica diretamente o ambiente de neg\u00f3cios. Para o empresariado, a inseguran\u00e7a jur\u00eddica gerada por pol\u00eamicas envolvendo o STF afasta investimentos estrangeiros e prejudica o desenvolvimento econ\u00f4mico do Brasil.<\/p>\n<p>Por Reda\u00e7\u00e3o Acontece<\/p>\n<p>Imagem: Divulga\u00e7\u00e3o \/ STF<\/p>\n","protected":false},"excerpt":{"rendered":"<p>Empres\u00e1rios brasileiros, incluindo lideran\u00e7as com forte atua\u00e7\u00e3o no Paran\u00e1, iniciaram articula\u00e7\u00f5es nos bastidores para lan\u00e7ar um novo manifesto cobrando da presid\u00eancia do Supremo Tribunal Federal (STF) a implementa\u00e7\u00e3o urgente de um c\u00f3digo de conduta formal para os magistrados da mais alta corte do pa\u00eds. Repercuss\u00e3o no setor produtivo A mobiliza\u00e7\u00e3o ganhou for\u00e7a ap\u00f3s revela\u00e7\u00f5es conduzidas [&hellip;]<\/p>\n","protected":false},"author":0,"featured_media":35535,"comment_status":"open","ping_status":"open","sticky":false,"template":"","format":"standard","meta":{"footnotes":""},"categories":[28],"tags":[],"class_list":["post-35499","post","type-post","status-publish","format-standard","has-post-thumbnail","hentry","category-mundo"],"_links":{"self":[{"href":"https:\/\/acontecenafronteira.com.br\/index.php\/wp-json\/wp\/v2\/posts\/35499","targetHints":{"allow":["GET"]}}],"collection":[{"href":"https:\/\/acontecenafronteira.com.br\/index.php\/wp-json\/wp\/v2\/posts"}],"about":[{"href":"https:\/\/acontecenafronteira.com.br\/index.php\/wp-json\/wp\/v2\/types\/post"}],"replies":[{"embeddable":true,"href":"https:\/\/acontecenafronteira.com.br\/index.php\/wp-json\/wp\/v2\/comments?post=35499"}],"version-history":[{"count":1,"href":"https:\/\/acontecenafronteira.com.br\/index.php\/wp-json\/wp\/v2\/posts\/35499\/revisions"}],"predecessor-version":[{"id":35534,"href":"https:\/\/acontecenafronteira.com.br\/index.php\/wp-json\/wp\/v2\/posts\/35499\/revisions\/35534"}],"wp:featuredmedia":[{"embeddable":true,"href":"https:\/\/acontecenafronteira.com.br\/index.php\/wp-json\/wp\/v2\/media\/35535"}],"wp:attachment":[{"href":"https:\/\/acontecenafronteira.com.br\/index.php\/wp-json\/wp\/v2\/media?parent=35499"}],"wp:term":[{"taxonomy":"category","embeddable":true,"href":"https:\/\/acontecenafronteira.com.br\/index.php\/wp-json\/wp\/v2\/categories?post=35499"},{"taxonomy":"post_tag","embeddable":true,"href":"https:\/\/acontecenafronteira.com.br\/index.php\/wp-json\/wp\/v2\/tags?post=35499"}],"curies":[{"name":"wp","href":"https:\/\/api.w.org\/{rel}","templated":true}]}}