{"id":35498,"date":"2026-09-04T19:37:31","date_gmt":"2026-09-04T22:37:31","guid":{"rendered":"https:\/\/acontecenafronteira.com.br\/?p=35498"},"modified":"2026-09-04T19:37:31","modified_gmt":"2026-09-04T22:37:31","slug":"campanha-de-lula-mira-eleitorado-feminino-no-parana","status":"publish","type":"post","link":"https:\/\/acontecenafronteira.com.br\/index.php\/2026\/09\/04\/campanha-de-lula-mira-eleitorado-feminino-no-parana\/","title":{"rendered":"Campanha de Lula mira eleitorado feminino no Paran\u00e1"},"content":{"rendered":"<p>A campanha do candidato \u00e0 presid\u00eancia Luiz In\u00e1cio Lula da Silva intensificou sua estrat\u00e9gia voltada para o p\u00fablico feminino nos estados da regi\u00e3o Sul, incluindo o Paran\u00e1, utilizando inser\u00e7\u00f5es na televis\u00e3o com falas pol\u00eamicas de advers\u00e1rios.<\/p>\n<h2>Estrat\u00e9gia na televis\u00e3o<\/h2>\n<p>A pe\u00e7a publicit\u00e1ria escolhida para veicula\u00e7\u00e3o nacional e regional resgata pronunciamentos machistas atribu\u00eddos a Jair Bolsonaro e a seu filho, Fl\u00e1vio Bolsonaro, buscando dialogar diretamente com eleitoras indecisas.<\/p>\n<h3>Foco no p\u00fablico feminino<\/h3>\n<p>O material audiovisual, que estreou recentemente nos intervalos comerciais das emissoras paranaenses, visa alertar sobre pautas de costumes e direitos das mulheres.<\/p>\n<p>A avalia\u00e7\u00e3o interna dos coordenadores de campanha \u00e9 de que o tema tem forte apelo entre as eleitoras que manifestam receio em rela\u00e7\u00e3o \u00e0 atual gest\u00e3o federal.<\/p>\n<p>As inser\u00e7\u00f5es continuar\u00e3o sendo transmitidas ao longo da programa\u00e7\u00e3o regular para alcan\u00e7ar o maior n\u00famero poss\u00edvel de domic\u00edlios no estado.<\/p>\n<p>Por Reda\u00e7\u00e3o Acontece<\/p>\n<p>Cr\u00e9ditos da imagem: Divulga\u00e7\u00e3o \/ Campanha<\/p>\n","protected":false},"excerpt":{"rendered":"<p>A campanha do candidato \u00e0 presid\u00eancia Luiz In\u00e1cio Lula da Silva intensificou sua estrat\u00e9gia voltada para o p\u00fablico feminino nos estados da regi\u00e3o Sul, incluindo o Paran\u00e1, utilizando inser\u00e7\u00f5es na televis\u00e3o com falas pol\u00eamicas de advers\u00e1rios. Estrat\u00e9gia na televis\u00e3o A pe\u00e7a publicit\u00e1ria escolhida para veicula\u00e7\u00e3o nacional e regional resgata pronunciamentos machistas atribu\u00eddos a Jair Bolsonaro [&hellip;]<\/p>\n","protected":false},"author":0,"featured_media":35533,"comment_status":"open","ping_status":"open","sticky":false,"template":"","format":"standard","meta":{"footnotes":""},"categories":[28],"tags":[],"class_list":["post-35498","post","type-post","status-publish","format-standard","has-post-thumbnail","hentry","category-mundo"],"_links":{"self":[{"href":"https:\/\/acontecenafronteira.com.br\/index.php\/wp-json\/wp\/v2\/posts\/35498","targetHints":{"allow":["GET"]}}],"collection":[{"href":"https:\/\/acontecenafronteira.com.br\/index.php\/wp-json\/wp\/v2\/posts"}],"about":[{"href":"https:\/\/acontecenafronteira.com.br\/index.php\/wp-json\/wp\/v2\/types\/post"}],"replies":[{"embeddable":true,"href":"https:\/\/acontecenafronteira.com.br\/index.php\/wp-json\/wp\/v2\/comments?post=35498"}],"version-history":[{"count":1,"href":"https:\/\/acontecenafronteira.com.br\/index.php\/wp-json\/wp\/v2\/posts\/35498\/revisions"}],"predecessor-version":[{"id":35532,"href":"https:\/\/acontecenafronteira.com.br\/index.php\/wp-json\/wp\/v2\/posts\/35498\/revisions\/35532"}],"wp:featuredmedia":[{"embeddable":true,"href":"https:\/\/acontecenafronteira.com.br\/index.php\/wp-json\/wp\/v2\/media\/35533"}],"wp:attachment":[{"href":"https:\/\/acontecenafronteira.com.br\/index.php\/wp-json\/wp\/v2\/media?parent=35498"}],"wp:term":[{"taxonomy":"category","embeddable":true,"href":"https:\/\/acontecenafronteira.com.br\/index.php\/wp-json\/wp\/v2\/categories?post=35498"},{"taxonomy":"post_tag","embeddable":true,"href":"https:\/\/acontecenafronteira.com.br\/index.php\/wp-json\/wp\/v2\/tags?post=35498"}],"curies":[{"name":"wp","href":"https:\/\/api.w.org\/{rel}","templated":true}]}}