{"id":35497,"date":"2026-09-04T19:37:26","date_gmt":"2026-09-04T22:37:26","guid":{"rendered":"https:\/\/acontecenafronteira.com.br\/?p=35497"},"modified":"2026-09-04T19:37:26","modified_gmt":"2026-09-04T22:37:26","slug":"exportacao-de-carne-bovina-cai-197-com-fim-de-cota","status":"publish","type":"post","link":"https:\/\/acontecenafronteira.com.br\/index.php\/2026\/09\/04\/exportacao-de-carne-bovina-cai-197-com-fim-de-cota\/","title":{"rendered":"Exporta\u00e7\u00e3o de carne bovina cai 19,7% com fim de cota"},"content":{"rendered":"<p>As vendas externas de carne bovina brasileira registraram uma retra\u00e7\u00e3o de 19,7% no m\u00eas de agosto em compara\u00e7\u00e3o com o mesmo per\u00edodo do ano anterior, conforme apontam os n\u00fameros oficiais da balan\u00e7a comercial.<\/p>\n<h2>Impacto do mercado externo<\/h2>\n<p>Apesar da valoriza\u00e7\u00e3o nos pre\u00e7os praticados no mercado internacional, a quantidade exportada sofreu um tombo expressivo de 27,1%.<\/p>\n<h3>O fator China<\/h3>\n<p>O principal motivo por tr\u00e1s dessa baixa nos volumes comercializados foi o esgotamento da cota estabelecida pela China para a importa\u00e7\u00e3o do produto origin\u00e1rio do Brasil.<\/p>\n<p>O cen\u00e1rio comercial do per\u00edodo reflete diretamente a depend\u00eancia e a din\u00e2mica das negocia\u00e7\u00f5es com o mercado asi\u00e1tico, que absorve grande parte da produ\u00e7\u00e3o nacional.<\/p>\n<p>A divulga\u00e7\u00e3o oficial desses indicadores foi realizada pelo Minist\u00e9rio do Desenvolvimento, Ind\u00fastria, Com\u00e9rcio e Servi\u00e7os (Mdic) nesta sexta-feira.<\/p>\n<p>O reequil\u00edbrio das vendas depender\u00e1 da renova\u00e7\u00e3o dos acordos e dos pr\u00f3ximos volumes autorizados para embarque nos pr\u00f3ximos meses.<\/p>\n<p>Por Reda\u00e7\u00e3o Acontece<\/p>\n<p>Imagem: Divulga\u00e7\u00e3o\/Minist\u00e9rio da Agricultura<\/p>\n","protected":false},"excerpt":{"rendered":"<p>As vendas externas de carne bovina brasileira registraram uma retra\u00e7\u00e3o de 19,7% no m\u00eas de agosto em compara\u00e7\u00e3o com o mesmo per\u00edodo do ano anterior, conforme apontam os n\u00fameros oficiais da balan\u00e7a comercial. Impacto do mercado externo Apesar da valoriza\u00e7\u00e3o nos pre\u00e7os praticados no mercado internacional, a quantidade exportada sofreu um tombo expressivo de 27,1%. [&hellip;]<\/p>\n","protected":false},"author":0,"featured_media":35531,"comment_status":"open","ping_status":"open","sticky":false,"template":"","format":"standard","meta":{"footnotes":""},"categories":[28],"tags":[],"class_list":["post-35497","post","type-post","status-publish","format-standard","has-post-thumbnail","hentry","category-mundo"],"_links":{"self":[{"href":"https:\/\/acontecenafronteira.com.br\/index.php\/wp-json\/wp\/v2\/posts\/35497","targetHints":{"allow":["GET"]}}],"collection":[{"href":"https:\/\/acontecenafronteira.com.br\/index.php\/wp-json\/wp\/v2\/posts"}],"about":[{"href":"https:\/\/acontecenafronteira.com.br\/index.php\/wp-json\/wp\/v2\/types\/post"}],"replies":[{"embeddable":true,"href":"https:\/\/acontecenafronteira.com.br\/index.php\/wp-json\/wp\/v2\/comments?post=35497"}],"version-history":[{"count":1,"href":"https:\/\/acontecenafronteira.com.br\/index.php\/wp-json\/wp\/v2\/posts\/35497\/revisions"}],"predecessor-version":[{"id":35530,"href":"https:\/\/acontecenafronteira.com.br\/index.php\/wp-json\/wp\/v2\/posts\/35497\/revisions\/35530"}],"wp:featuredmedia":[{"embeddable":true,"href":"https:\/\/acontecenafronteira.com.br\/index.php\/wp-json\/wp\/v2\/media\/35531"}],"wp:attachment":[{"href":"https:\/\/acontecenafronteira.com.br\/index.php\/wp-json\/wp\/v2\/media?parent=35497"}],"wp:term":[{"taxonomy":"category","embeddable":true,"href":"https:\/\/acontecenafronteira.com.br\/index.php\/wp-json\/wp\/v2\/categories?post=35497"},{"taxonomy":"post_tag","embeddable":true,"href":"https:\/\/acontecenafronteira.com.br\/index.php\/wp-json\/wp\/v2\/tags?post=35497"}],"curies":[{"name":"wp","href":"https:\/\/api.w.org\/{rel}","templated":true}]}}