{"id":35496,"date":"2026-09-04T19:36:35","date_gmt":"2026-09-04T22:36:35","guid":{"rendered":"https:\/\/acontecenafronteira.com.br\/?p=35496"},"modified":"2026-09-04T19:36:35","modified_gmt":"2026-09-04T22:36:35","slug":"ibovespa-dispara-no-parana-e-registra-melhor-semana-desde-janeiro","status":"publish","type":"post","link":"https:\/\/acontecenafronteira.com.br\/index.php\/2026\/09\/04\/ibovespa-dispara-no-parana-e-registra-melhor-semana-desde-janeiro\/","title":{"rendered":"Ibovespa dispara no Paran\u00e1 e registra melhor semana desde janeiro"},"content":{"rendered":"<p>O mercado financeiro nacional fechou a primeira semana de setembro com um resultado expressivo para os investidores paranaenses e de todo o pa\u00eds. O principal \u00edndice da Bolsa brasileira acumulou uma alta de 5,4%, registrando o melhor desempenho semanal desde o m\u00eas de janeiro e recuperando o terreno perdido durante as baixas registradas na primeira quinzena de agosto.<\/p>\n<h2>Fatores que impulsionaram a Bolsa<\/h2>\n<p>Analistas apontam que a combina\u00e7\u00e3o entre a desacelera\u00e7\u00e3o econ\u00f4mica \u2014 evidenciada ap\u00f3s a divulga\u00e7\u00e3o do PIB do segundo trimestre \u2014 e a expectativa em torno de um pleito presidencial altamente disputado serviu como principal combust\u00edvel para o avan\u00e7o dos ativos nesta rent\u00e1vel semana para o mercado acion\u00e1rio.<\/p>\n<p>Especialistas do setor destacam que a volatilidade dos indicadores econ\u00f4micos permanece atrelada \u00e0 divulga\u00e7\u00e3o de pesquisas eleitorais. A percep\u00e7\u00e3o de que propostas voltadas ao rigor fiscal e reformas estruturais nos gastos p\u00fablicos podem ganhar for\u00e7a atrai a aten\u00e7\u00e3o de grandes fundos e investidores estrangeiros.<\/p>\n<h2>Expectativa de juros e impacto corporativo<\/h2>\n<p>A discuss\u00e3o sobre a trajet\u00f3ria da taxa Selic, atualmente fixada em 14% ao ano, tamb\u00e9m entra no radar de quem acompanha o mercado de capitais no estado. Cen\u00e1rios que projetam cortes futuros nos juros aliviam o endividamento das companhias listadas na B3.<\/p>\n<p>Com menos press\u00e3o sobre o custo do capital, as empresas ganham f\u00f4lego financeiro, o que tende a refletir positivamente no consumo interno e nos resultados corporativos trimestrais.<\/p>\n<h2>Retomada do capital estrangeiro<\/h2>\n<p>Outro ponto fundamental para a recente alta foi o comportamento do capital externo. Especialistas lembram que a desvaloriza\u00e7\u00e3o recente tornou os pap\u00e9is brasileiros bastante atraentes, permitindo que a Bolsa operasse com pre\u00e7os descontados frente ao potencial de pagamento de dividendos.<\/p>\n<p>Entre o final de agosto e o in\u00edcio de setembro, o fluxo de recursos externos injetado na B3 somou bilh\u00f5es de reais, demonstrando o apetite renovado do investidor internacional pelos ativos nacionais, enquanto o c\u00e2mbio segue influenciado tanto pelo cen\u00e1rio pol\u00edtico interno quanto pelas decis\u00f5es do Federal Reserve nos Estados Unidos.<\/p>\n<p>Por Reda\u00e7\u00e3o Acontece<\/p>\n<p>Foto: Divulga\u00e7\u00e3o\/B3<\/p>\n","protected":false},"excerpt":{"rendered":"<p>O mercado financeiro nacional fechou a primeira semana de setembro com um resultado expressivo para os investidores paranaenses e de todo o pa\u00eds. O principal \u00edndice da Bolsa brasileira acumulou uma alta de 5,4%, registrando o melhor desempenho semanal desde o m\u00eas de janeiro e recuperando o terreno perdido durante as baixas registradas na primeira [&hellip;]<\/p>\n","protected":false},"author":0,"featured_media":35526,"comment_status":"open","ping_status":"open","sticky":false,"template":"","format":"standard","meta":{"footnotes":""},"categories":[28],"tags":[],"class_list":["post-35496","post","type-post","status-publish","format-standard","has-post-thumbnail","hentry","category-mundo"],"_links":{"self":[{"href":"https:\/\/acontecenafronteira.com.br\/index.php\/wp-json\/wp\/v2\/posts\/35496","targetHints":{"allow":["GET"]}}],"collection":[{"href":"https:\/\/acontecenafronteira.com.br\/index.php\/wp-json\/wp\/v2\/posts"}],"about":[{"href":"https:\/\/acontecenafronteira.com.br\/index.php\/wp-json\/wp\/v2\/types\/post"}],"replies":[{"embeddable":true,"href":"https:\/\/acontecenafronteira.com.br\/index.php\/wp-json\/wp\/v2\/comments?post=35496"}],"version-history":[{"count":1,"href":"https:\/\/acontecenafronteira.com.br\/index.php\/wp-json\/wp\/v2\/posts\/35496\/revisions"}],"predecessor-version":[{"id":35524,"href":"https:\/\/acontecenafronteira.com.br\/index.php\/wp-json\/wp\/v2\/posts\/35496\/revisions\/35524"}],"wp:featuredmedia":[{"embeddable":true,"href":"https:\/\/acontecenafronteira.com.br\/index.php\/wp-json\/wp\/v2\/media\/35526"}],"wp:attachment":[{"href":"https:\/\/acontecenafronteira.com.br\/index.php\/wp-json\/wp\/v2\/media?parent=35496"}],"wp:term":[{"taxonomy":"category","embeddable":true,"href":"https:\/\/acontecenafronteira.com.br\/index.php\/wp-json\/wp\/v2\/categories?post=35496"},{"taxonomy":"post_tag","embeddable":true,"href":"https:\/\/acontecenafronteira.com.br\/index.php\/wp-json\/wp\/v2\/tags?post=35496"}],"curies":[{"name":"wp","href":"https:\/\/api.w.org\/{rel}","templated":true}]}}