{"id":35494,"date":"2026-09-04T19:36:05","date_gmt":"2026-09-04T22:36:05","guid":{"rendered":"https:\/\/acontecenafronteira.com.br\/?p=35494"},"modified":"2026-09-04T19:36:05","modified_gmt":"2026-09-04T22:36:05","slug":"pesquisa-quaest-no-pr-eleitores-de-cury-rejeitam-mais-lula","status":"publish","type":"post","link":"https:\/\/acontecenafronteira.com.br\/index.php\/2026\/09\/04\/pesquisa-quaest-no-pr-eleitores-de-cury-rejeitam-mais-lula\/","title":{"rendered":"Pesquisa Quaest no PR: eleitores de Cury rejeitam mais Lula"},"content":{"rendered":"<p>A mais recente pesquisa da <strong>Quaest<\/strong> revelou dados in\u00e9ditos sobre o perfil do eleitorado do escritor Augusto Cury (Avante) no estado do Paran\u00e1. O levantamento aponta que os apoiadores do candidato rejeitam a continuidade do governo do presidente Luiz In\u00e1cio Lula da Silva em uma propor\u00e7\u00e3o tr\u00eas vezes maior do que o retorno da fam\u00edlia Bolsonaro ao poder.<\/p>\n<h2>Medo da continuidade do atual governo<\/h2>\n<p>Quando questionados sobre os principais receios para o futuro pol\u00edtico do pa\u00eds, 60% dos eleitores de Cury no Paran\u00e1 apontaram a perman\u00eancia do atual mandat\u00e1rio no Pal\u00e1cio do Planalto. Em contrapartida, apenas 22% demonstraram temor em rela\u00e7\u00e3o \u00e0 volta do grupo pol\u00edtico liderado pelo ex-presidente Jair Bolsonaro. Outros 14% afirmam temer ambos os cen\u00e1rios, enquanto 2% n\u00e3o temem nenhuma das op\u00e7\u00f5es e 2% n\u00e3o souberam responder.<\/p>\n<h2>Avalia\u00e7\u00e3o negativa da gest\u00e3o federal<\/h2>\n<p>O descontentamento com a administra\u00e7\u00e3o atual reflete diretamente na avalia\u00e7\u00e3o do governo entre os eleitores paranaenses do candidato do Avante. A gest\u00e3o petista acumula uma taxa de desaprova\u00e7\u00e3o de 71%, ao passo que a aprova\u00e7\u00e3o fica em 23%, com 6% de absten\u00e7\u00f5es ou indecisos. No panorama geral, 52% classificam o governo como negativo, 34% como regular e apenas 14% enxergam pontos positivos.<\/p>\n<h2>Cen\u00e1rio econ\u00f4mico e infla\u00e7\u00e3o dos alimentos<\/h2>\n<p>A percep\u00e7\u00e3o sobre a economia nacional \u00e9 predominantemente pessimista entre os entrevistados no Paran\u00e1. Para 66% desse eleitorado, a situa\u00e7\u00e3o financeira piorou de forma significativa nos \u00faltimos 12 meses, enquanto 27% acreditam que permaneceu est\u00e1vel e somente 5% apontam melhorias. O encarecimento do custo de vida tamb\u00e9m pesa: 83% afirmam que os pre\u00e7os dos alimentos subiram no \u00faltimo m\u00eas.<\/p>\n<h2>Impacto de investiga\u00e7\u00f5es pol\u00edticas<\/h2>\n<p>O levantamento tamb\u00e9m mediu a repercuss\u00e3o de casos investigados pela Pol\u00edcia Federal. Entre os eleitores de Cury no estado, 69% conhecem os inqu\u00e9ritos envolvendo F\u00e1bio Lu\u00eds Lula da Silva, o Lulinha, e 77% avaliam que o presidente n\u00e3o prestou esclarecimentos convincentes. Da mesma forma, 67% est\u00e3o cientes das apura\u00e7\u00f5es sobre o financiamento do filme sobre Jair Bolsonaro, e 59% consideram insatisfat\u00f3rias as explica\u00e7\u00f5es dadas por Fl\u00e1vio Bolsonaro sobre o caso.<\/p>\n<p>Por Reda\u00e7\u00e3o Acontece<\/p>\n<p>Foto: Divulga\u00e7\u00e3o\/Quaest<\/p>\n","protected":false},"excerpt":{"rendered":"<p>A mais recente pesquisa da Quaest revelou dados in\u00e9ditos sobre o perfil do eleitorado do escritor Augusto Cury (Avante) no estado do Paran\u00e1. O levantamento aponta que os apoiadores do candidato rejeitam a continuidade do governo do presidente Luiz In\u00e1cio Lula da Silva em uma propor\u00e7\u00e3o tr\u00eas vezes maior do que o retorno da fam\u00edlia [&hellip;]<\/p>\n","protected":false},"author":0,"featured_media":35517,"comment_status":"open","ping_status":"open","sticky":false,"template":"","format":"standard","meta":{"footnotes":""},"categories":[28],"tags":[],"class_list":["post-35494","post","type-post","status-publish","format-standard","has-post-thumbnail","hentry","category-mundo"],"_links":{"self":[{"href":"https:\/\/acontecenafronteira.com.br\/index.php\/wp-json\/wp\/v2\/posts\/35494","targetHints":{"allow":["GET"]}}],"collection":[{"href":"https:\/\/acontecenafronteira.com.br\/index.php\/wp-json\/wp\/v2\/posts"}],"about":[{"href":"https:\/\/acontecenafronteira.com.br\/index.php\/wp-json\/wp\/v2\/types\/post"}],"replies":[{"embeddable":true,"href":"https:\/\/acontecenafronteira.com.br\/index.php\/wp-json\/wp\/v2\/comments?post=35494"}],"version-history":[{"count":1,"href":"https:\/\/acontecenafronteira.com.br\/index.php\/wp-json\/wp\/v2\/posts\/35494\/revisions"}],"predecessor-version":[{"id":35516,"href":"https:\/\/acontecenafronteira.com.br\/index.php\/wp-json\/wp\/v2\/posts\/35494\/revisions\/35516"}],"wp:featuredmedia":[{"embeddable":true,"href":"https:\/\/acontecenafronteira.com.br\/index.php\/wp-json\/wp\/v2\/media\/35517"}],"wp:attachment":[{"href":"https:\/\/acontecenafronteira.com.br\/index.php\/wp-json\/wp\/v2\/media?parent=35494"}],"wp:term":[{"taxonomy":"category","embeddable":true,"href":"https:\/\/acontecenafronteira.com.br\/index.php\/wp-json\/wp\/v2\/categories?post=35494"},{"taxonomy":"post_tag","embeddable":true,"href":"https:\/\/acontecenafronteira.com.br\/index.php\/wp-json\/wp\/v2\/tags?post=35494"}],"curies":[{"name":"wp","href":"https:\/\/api.w.org\/{rel}","templated":true}]}}