{"id":35463,"date":"2026-09-04T19:36:50","date_gmt":"2026-09-04T22:36:50","guid":{"rendered":"https:\/\/acontecenafronteira.com.br\/?p=35463"},"modified":"2026-09-04T19:36:50","modified_gmt":"2026-09-04T22:36:50","slug":"tenista-numero-1-relata-cheiro-forte-de-maconha-em-torneio","status":"publish","type":"post","link":"https:\/\/acontecenafronteira.com.br\/index.php\/2026\/09\/04\/tenista-numero-1-relata-cheiro-forte-de-maconha-em-torneio\/","title":{"rendered":"Tenista n\u00famero 1 relata cheiro forte de maconha em torneio"},"content":{"rendered":"<p>A l\u00edder do ranking mundial de t\u00eanis, Aryna Sabalenka, chamou a aten\u00e7\u00e3o da arbitragem durante sua partida no US Open para reclamar de um forte cheiro de maconha vindo das arquibancadas ou dos arredores da quadra em Nova York.<\/p>\n<h2>Reclama\u00e7\u00e3o durante a partida<\/h2>\n<p>Enquanto disputava o terceiro game da partida que garantiu sua vaga nas oitavas de final, a atleta parou o jogo para relatar o inc\u00f4modo \u00e0 ju\u00edza de cadeira, destacando que o odor estava atrapalhando o foco na competi\u00e7\u00e3o de alto rendimento.<\/p>\n<h2>Di\u00e1logo com os torcedores<\/h2>\n<p>Ap\u00f3s vencer o confronto por dois sets a zero, a tenista revelou em coletiva de imprensa que conversou brevemente com o p\u00fablico presente na quadra Louis Armstrong, pedindo que qualquer consumo fosse feito longe do complexo esportivo.<\/p>\n<p>O uso recreativo da cannabis \u00e9 legalizado no estado de Nova York desde 2021, o que tem gerado reclama\u00e7\u00f5es recorrentes de atletas em edi\u00e7\u00f5es recentes do Grand Slam americano devido \u00e0 proximidade de parques e \u00e1reas externas.<\/p>\n<p>Outros competidores do circuito profissional j\u00e1 haviam relatado situa\u00e7\u00f5es semelhantes em anos anteriores, comparando o ambiente de algumas quadras espec\u00edficas a locais de consumo livre da subst\u00e2ncia devido \u00e0 intensidade do cheiro trazido pelo vento.<\/p>\n<p>Apesar do contratempo e da interrup\u00e7\u00e3o moment\u00e2nea, a atleta manteve o foco na partida, superou a adversidade clim\u00e1tica e espacial, e garantiu a sua continuidade na busca pelo t\u00edtulo do torneio internacional.<\/p>\n<p>Por Reda\u00e7\u00e3o Acontece<\/p>\n<p>Divulga\u00e7\u00e3o\/US Open<\/p>\n","protected":false},"excerpt":{"rendered":"<p>A l\u00edder do ranking mundial de t\u00eanis, Aryna Sabalenka, chamou a aten\u00e7\u00e3o da arbitragem durante sua partida no US Open para reclamar de um forte cheiro de maconha vindo das arquibancadas ou dos arredores da quadra em Nova York. Reclama\u00e7\u00e3o durante a partida Enquanto disputava o terceiro game da partida que garantiu sua vaga nas [&hellip;]<\/p>\n","protected":false},"author":2,"featured_media":35529,"comment_status":"open","ping_status":"open","sticky":false,"template":"","format":"standard","meta":{"footnotes":""},"categories":[28],"tags":[],"class_list":["post-35463","post","type-post","status-publish","format-standard","has-post-thumbnail","hentry","category-mundo"],"_links":{"self":[{"href":"https:\/\/acontecenafronteira.com.br\/index.php\/wp-json\/wp\/v2\/posts\/35463","targetHints":{"allow":["GET"]}}],"collection":[{"href":"https:\/\/acontecenafronteira.com.br\/index.php\/wp-json\/wp\/v2\/posts"}],"about":[{"href":"https:\/\/acontecenafronteira.com.br\/index.php\/wp-json\/wp\/v2\/types\/post"}],"author":[{"embeddable":true,"href":"https:\/\/acontecenafronteira.com.br\/index.php\/wp-json\/wp\/v2\/users\/2"}],"replies":[{"embeddable":true,"href":"https:\/\/acontecenafronteira.com.br\/index.php\/wp-json\/wp\/v2\/comments?post=35463"}],"version-history":[{"count":1,"href":"https:\/\/acontecenafronteira.com.br\/index.php\/wp-json\/wp\/v2\/posts\/35463\/revisions"}],"predecessor-version":[{"id":35528,"href":"https:\/\/acontecenafronteira.com.br\/index.php\/wp-json\/wp\/v2\/posts\/35463\/revisions\/35528"}],"wp:featuredmedia":[{"embeddable":true,"href":"https:\/\/acontecenafronteira.com.br\/index.php\/wp-json\/wp\/v2\/media\/35529"}],"wp:attachment":[{"href":"https:\/\/acontecenafronteira.com.br\/index.php\/wp-json\/wp\/v2\/media?parent=35463"}],"wp:term":[{"taxonomy":"category","embeddable":true,"href":"https:\/\/acontecenafronteira.com.br\/index.php\/wp-json\/wp\/v2\/categories?post=35463"},{"taxonomy":"post_tag","embeddable":true,"href":"https:\/\/acontecenafronteira.com.br\/index.php\/wp-json\/wp\/v2\/tags?post=35463"}],"curies":[{"name":"wp","href":"https:\/\/api.w.org\/{rel}","templated":true}]}}