{"id":35462,"date":"2026-09-04T19:36:35","date_gmt":"2026-09-04T22:36:35","guid":{"rendered":"https:\/\/acontecenafronteira.com.br\/?p=35462"},"modified":"2026-09-04T19:36:35","modified_gmt":"2026-09-04T22:36:35","slug":"cannabis-medicinal-no-parana-avancos-no-alivio-da-dor-cronica","status":"publish","type":"post","link":"https:\/\/acontecenafronteira.com.br\/index.php\/2026\/09\/04\/cannabis-medicinal-no-parana-avancos-no-alivio-da-dor-cronica\/","title":{"rendered":"Cannabis medicinal no Paran\u00e1: avan\u00e7os no al\u00edvio da dor cr\u00f4nica"},"content":{"rendered":"<p>A medicina integrativa no Paran\u00e1 tem ampliado o uso de abordagens personalizadas para o tratamento da dor cr\u00f4nica, destacando a <strong>cannabis medicinal<\/strong> como uma ferramenta terap\u00eautica de grande relev\u00e2ncia. Essa alternativa tem apresentado resultados promissores para pacientes que enfrentam quadros complexos, como a <strong>fibromialgia<\/strong> e a <strong>dor neurop\u00e1tica<\/strong>, desde que sua prescri\u00e7\u00e3o seja feita de maneira criteriosa e aliada a outras pr\u00e1ticas de sa\u00fade.<\/p>\n<h2>Entendendo o sistema endocanabinoide<\/h2>\n<p>De acordo com especialistas na \u00e1rea de reabilita\u00e7\u00e3o e dor, os fitocanabinoides atuam diretamente no <strong>sistema endocanabinoide<\/strong> do organismo humano. Esta rede biol\u00f3gica desempenha um papel crucial na modula\u00e7\u00e3o de processos inflamat\u00f3rios, na regula\u00e7\u00e3o do humor, na qualidade do sono e na resposta do corpo ao estresse di\u00e1rio. A utiliza\u00e7\u00e3o correta desses compostos pode diminuir a intensidade das crises dolorosas e amenizar sintomas paralelos, a exemplo da <strong>ins\u00f4nia<\/strong> e da <strong>ansiedade<\/strong>.<\/p>\n<h2>A import\u00e2ncia do diagn\u00f3stico preciso<\/h2>\n<p>Antes de iniciar qualquer protocolo terap\u00eautico no estado, \u00e9 fundamental compreender a origem exata do inc\u00f4modo. A dor cr\u00f4nica n\u00e3o afeta todos os indiv\u00edduos da mesma forma. Na <strong>dor neurop\u00e1tica<\/strong>, por exemplo, o paciente costuma relatar sensa\u00e7\u00f5es de queima\u00e7\u00e3o, fisgadas e formigamento devido a les\u00f5es nos nervos. J\u00e1 nos quadros de <strong>fibromialgia<\/strong>, o problema central envolve a <strong>sensibiliza\u00e7\u00e3o central<\/strong>, condi\u00e7\u00e3o em que o sistema nervoso central interpreta est\u00edmulos corriqueiros como grandes fontes de dor.<\/p>\n<p>Identificar esses mecanismos com precis\u00e3o \u00e9 o que permite aos m\u00e9dicos definir a dosagem ideal, a formula\u00e7\u00e3o adequada e o ritmo de ajuste do tratamento com <strong>canabinoides<\/strong>, garantindo maior seguran\u00e7a e efic\u00e1cia para quem sofre com dores persistentes no Paran\u00e1.<\/p>\n<h2>Uma estrat\u00e9gia terap\u00eautica integrada<\/h2>\n<p>\u00c9 importante ressaltar que a <strong>cannabis medicinal<\/strong> n\u00e3o deve ser vista como uma cura m\u00e1gica ou solu\u00e7\u00e3o isolada. Dentro dos conceitos modernos da medicina integrativa, ela funciona como parte de um plano de cuidados abrangente. Esse planejamento frequentemente inclui a pr\u00e1tica orientada de <strong>atividade f\u00edsica<\/strong>, melhorias na <strong>higiene do sono<\/strong>, acompanhamento psicol\u00f3gico e t\u00e9cnicas voltadas \u00e0 regula\u00e7\u00e3o do sistema nervoso.<\/p>\n<p>Al\u00e9m disso, avalia\u00e7\u00f5es metab\u00f3licas, hormonais e nutricionais podem ser integradas ao processo para otimizar a produ\u00e7\u00e3o de energia e a fun\u00e7\u00e3o neuromuscular, garantindo que o organismo tenha todo o suporte necess\u00e1rio para o processo de cicatriza\u00e7\u00e3o e al\u00edvio.<\/p>\n<h2>Qualidade de vida como foco principal<\/h2>\n<p>No acompanhamento m\u00e9dico especializado, o sucesso de uma terapia n\u00e3o \u00e9 medido apenas pela supress\u00e3o total do desconforto, mas sim pela recupera\u00e7\u00e3o da autonomia do paciente. Como a resposta aos fitocanabinoides varia de pessoa para pessoa, os profissionais monitoram indicadores vitais como a disposi\u00e7\u00e3o di\u00e1ria, a mobilidade, o humor e o retorno \u00e0s atividades habituais. O objetivo central \u00e9 diminuir o impacto da <strong>dor cr\u00f4nica<\/strong> na rotina, devolvendo a <strong>qualidade de vida<\/strong> e o bem-estar ao paciente paranaense.<\/p>\n<p>Por Reda\u00e7\u00e3o Acontece<\/p>\n<p>Foto: Divulga\u00e7\u00e3o \/ Banco de Imagens<\/p>\n","protected":false},"excerpt":{"rendered":"<p>A medicina integrativa no Paran\u00e1 tem ampliado o uso de abordagens personalizadas para o tratamento da dor cr\u00f4nica, destacando a cannabis medicinal como uma ferramenta terap\u00eautica de grande relev\u00e2ncia. Essa alternativa tem apresentado resultados promissores para pacientes que enfrentam quadros complexos, como a fibromialgia e a dor neurop\u00e1tica, desde que sua prescri\u00e7\u00e3o seja feita de [&hellip;]<\/p>\n","protected":false},"author":2,"featured_media":35527,"comment_status":"open","ping_status":"open","sticky":false,"template":"","format":"standard","meta":{"footnotes":""},"categories":[28],"tags":[],"class_list":["post-35462","post","type-post","status-publish","format-standard","has-post-thumbnail","hentry","category-mundo"],"_links":{"self":[{"href":"https:\/\/acontecenafronteira.com.br\/index.php\/wp-json\/wp\/v2\/posts\/35462","targetHints":{"allow":["GET"]}}],"collection":[{"href":"https:\/\/acontecenafronteira.com.br\/index.php\/wp-json\/wp\/v2\/posts"}],"about":[{"href":"https:\/\/acontecenafronteira.com.br\/index.php\/wp-json\/wp\/v2\/types\/post"}],"author":[{"embeddable":true,"href":"https:\/\/acontecenafronteira.com.br\/index.php\/wp-json\/wp\/v2\/users\/2"}],"replies":[{"embeddable":true,"href":"https:\/\/acontecenafronteira.com.br\/index.php\/wp-json\/wp\/v2\/comments?post=35462"}],"version-history":[{"count":1,"href":"https:\/\/acontecenafronteira.com.br\/index.php\/wp-json\/wp\/v2\/posts\/35462\/revisions"}],"predecessor-version":[{"id":35525,"href":"https:\/\/acontecenafronteira.com.br\/index.php\/wp-json\/wp\/v2\/posts\/35462\/revisions\/35525"}],"wp:featuredmedia":[{"embeddable":true,"href":"https:\/\/acontecenafronteira.com.br\/index.php\/wp-json\/wp\/v2\/media\/35527"}],"wp:attachment":[{"href":"https:\/\/acontecenafronteira.com.br\/index.php\/wp-json\/wp\/v2\/media?parent=35462"}],"wp:term":[{"taxonomy":"category","embeddable":true,"href":"https:\/\/acontecenafronteira.com.br\/index.php\/wp-json\/wp\/v2\/categories?post=35462"},{"taxonomy":"post_tag","embeddable":true,"href":"https:\/\/acontecenafronteira.com.br\/index.php\/wp-json\/wp\/v2\/tags?post=35462"}],"curies":[{"name":"wp","href":"https:\/\/api.w.org\/{rel}","templated":true}]}}