{"id":35461,"date":"2026-09-04T19:36:29","date_gmt":"2026-09-04T22:36:29","guid":{"rendered":"https:\/\/acontecenafronteira.com.br\/?p=35461"},"modified":"2026-09-04T19:36:29","modified_gmt":"2026-09-04T22:36:29","slug":"plano-safra-no-parana-nova-certificacao-da-credito-rural-sustentavel","status":"publish","type":"post","link":"https:\/\/acontecenafronteira.com.br\/index.php\/2026\/09\/04\/plano-safra-no-parana-nova-certificacao-da-credito-rural-sustentavel\/","title":{"rendered":"Plano Safra no Paran\u00e1: Nova certifica\u00e7\u00e3o d\u00e1 cr\u00e9dito rural sustent\u00e1vel"},"content":{"rendered":"<p>Pecuaristas paranaenses voltados \u00e0 produ\u00e7\u00e3o de corte a pasto ganharam um novo incentivo financeiro com o lan\u00e7amento da <strong>Certifica\u00e7\u00e3o Efici\u00eancia Positiva+<\/strong>, apresentada pela Elanco Sa\u00fade Animal durante a Expointer 2026. O protocolo oficializado pelo Minist\u00e9rio da Agricultura e Pecu\u00e1ria (MAPA), atrav\u00e9s de publica\u00e7\u00e3o no Di\u00e1rio Oficial sob o processo SEI n\u00ba 21000.054224\/2026\u201159, visa destravar o acesso a descontos atrativos nas taxas de juros do Plano Safra em todo o estado, abrangendo tanto frentes de custeio quanto investimentos rurais.<\/p>\n<h2>Como funciona a ades\u00e3o ao cr\u00e9dito sustent\u00e1vel<\/h2>\n<p>O mecanismo regulamentado pela Portaria MAPA n\u00ba 876\/2025 promove a integra\u00e7\u00e3o imediata das propriedades paranaenses \u00e0 Plataforma AgroBrasil + Sustent\u00e1vel. Desse modo, o sistema simplifica a libera\u00e7\u00e3o de financiamentos com subs\u00eddios financeiros. A iniciativa foi desenhada para viabilizar economicamente a migra\u00e7\u00e3o rumo \u00e0 pecu\u00e1ria de baixa emiss\u00e3o de carbono, conectando m\u00e9tricas transparentes de produtividade e corte de gases poluentes a condi\u00e7\u00f5es banc\u00e1rias altamente competitivas.<\/p>\n<h2>Requisitos e tecnologia de redu\u00e7\u00e3o de metano<\/h2>\n<p>Para conquistar o selo in\u00e9dito, a fazenda deve utilizar o <strong>Zimprova\u2122<\/strong>, insumo veterin\u00e1rio com narasina voltado para bovinos de corte. Trata-se do \u00fanico artigo no mercado brasileiro com aprova\u00e7\u00e3o dupla em bula, contemplando simultaneamente o ganho de desempenho zoot\u00e9cnico e a diminui\u00e7\u00e3o de metano ent\u00e9rico. Investiga\u00e7\u00f5es cient\u00edficas conduzidas em parceria com a Embrapa e veiculadas globalmente demonstram quedas expressivas de 27% e 34% nas emiss\u00f5es com dosagens de 15\u202fppm e 25\u202fppm, somadas a uma retra\u00e7\u00e3o de 10,6% em medi\u00e7\u00f5es absolutas via tecnologia GreenFeed a 13\u202fppm.<\/p>\n<h2>Auditoria e rigor nos crit\u00e9rios de avalia\u00e7\u00e3o<\/h2>\n<p>Todo o procedimento de checagem e emiss\u00e3o do documento fica sob a responsabilidade da SBCert, uma organiza\u00e7\u00e3o certificadora independente. A an\u00e1lise minuciosa engloba 13 exig\u00eancias operacionais que priorizam pr\u00e1ticas de preserva\u00e7\u00e3o ambiental, prote\u00e7\u00e3o dos recursos naturais, sanidade animal, biosseguridade, respeito trabalhista, gest\u00e3o de pessoas, capacita\u00e7\u00e3o cont\u00ednua e rastreabilidade. Com vig\u00eancia de um ano, a certifica\u00e7\u00e3o exige auditorias recorrentes para assegurar o aprimoramento ininterrupto das atividades na propriedade.<\/p>\n<p>Porta-vozes da empresa respons\u00e1vel apontam que o projeto une de maneira estrat\u00e9gica a pauta clim\u00e1tica \u00e0 rentabilidade do campo, gerando valor agregado para a cadeia produtiva da carne bovina e estimulando a ado\u00e7\u00e3o acelerada de inova\u00e7\u00f5es tecnol\u00f3gicas na pecu\u00e1ria paranaense.<\/p>\n<p>Por Reda\u00e7\u00e3o Acontece<\/p>\n<p>Cr\u00e9ditos da imagem: Divulga\u00e7\u00e3o \/ Elanco<\/p>\n","protected":false},"excerpt":{"rendered":"<p>Pecuaristas paranaenses voltados \u00e0 produ\u00e7\u00e3o de corte a pasto ganharam um novo incentivo financeiro com o lan\u00e7amento da Certifica\u00e7\u00e3o Efici\u00eancia Positiva+, apresentada pela Elanco Sa\u00fade Animal durante a Expointer 2026. O protocolo oficializado pelo Minist\u00e9rio da Agricultura e Pecu\u00e1ria (MAPA), atrav\u00e9s de publica\u00e7\u00e3o no Di\u00e1rio Oficial sob o processo SEI n\u00ba 21000.054224\/2026\u201159, visa destravar o [&hellip;]<\/p>\n","protected":false},"author":2,"featured_media":35523,"comment_status":"open","ping_status":"open","sticky":false,"template":"","format":"standard","meta":{"footnotes":""},"categories":[28],"tags":[],"class_list":["post-35461","post","type-post","status-publish","format-standard","has-post-thumbnail","hentry","category-mundo"],"_links":{"self":[{"href":"https:\/\/acontecenafronteira.com.br\/index.php\/wp-json\/wp\/v2\/posts\/35461","targetHints":{"allow":["GET"]}}],"collection":[{"href":"https:\/\/acontecenafronteira.com.br\/index.php\/wp-json\/wp\/v2\/posts"}],"about":[{"href":"https:\/\/acontecenafronteira.com.br\/index.php\/wp-json\/wp\/v2\/types\/post"}],"author":[{"embeddable":true,"href":"https:\/\/acontecenafronteira.com.br\/index.php\/wp-json\/wp\/v2\/users\/2"}],"replies":[{"embeddable":true,"href":"https:\/\/acontecenafronteira.com.br\/index.php\/wp-json\/wp\/v2\/comments?post=35461"}],"version-history":[{"count":1,"href":"https:\/\/acontecenafronteira.com.br\/index.php\/wp-json\/wp\/v2\/posts\/35461\/revisions"}],"predecessor-version":[{"id":35522,"href":"https:\/\/acontecenafronteira.com.br\/index.php\/wp-json\/wp\/v2\/posts\/35461\/revisions\/35522"}],"wp:featuredmedia":[{"embeddable":true,"href":"https:\/\/acontecenafronteira.com.br\/index.php\/wp-json\/wp\/v2\/media\/35523"}],"wp:attachment":[{"href":"https:\/\/acontecenafronteira.com.br\/index.php\/wp-json\/wp\/v2\/media?parent=35461"}],"wp:term":[{"taxonomy":"category","embeddable":true,"href":"https:\/\/acontecenafronteira.com.br\/index.php\/wp-json\/wp\/v2\/categories?post=35461"},{"taxonomy":"post_tag","embeddable":true,"href":"https:\/\/acontecenafronteira.com.br\/index.php\/wp-json\/wp\/v2\/tags?post=35461"}],"curies":[{"name":"wp","href":"https:\/\/api.w.org\/{rel}","templated":true}]}}