{"id":35460,"date":"2026-09-04T19:36:15","date_gmt":"2026-09-04T22:36:15","guid":{"rendered":"https:\/\/acontecenafronteira.com.br\/?p=35460"},"modified":"2026-09-04T19:36:15","modified_gmt":"2026-09-04T22:36:15","slug":"justica-condena-sergio-cabral-por-privilegios-na-prisao","status":"publish","type":"post","link":"https:\/\/acontecenafronteira.com.br\/index.php\/2026\/09\/04\/justica-condena-sergio-cabral-por-privilegios-na-prisao\/","title":{"rendered":"Justi\u00e7a condena S\u00e9rgio Cabral por privil\u00e9gios na pris\u00e3o"},"content":{"rendered":"<p>O Tribunal de Justi\u00e7a do Rio de Janeiro determinou a condena\u00e7\u00e3o do ex-governador S\u00e9rgio Cabral e de outros seis envolvidos em um processo de improbidade administrativa.<\/p>\n<h2>Esquema de privil\u00e9gios na pris\u00e3o<\/h2>\n<p>A senten\u00e7a aponta a exist\u00eancia de um sistema ilegal de regalias dentro das unidades prisionais onde o pol\u00edtico esteve detido.<\/p>\n<h2>A famosa videoteca do pres\u00eddio<\/h2>\n<p>Entre as regalias investigadas pelo Minist\u00e9rio P\u00fablico, destaca-se a cria\u00e7\u00e3o da chamada videoteca do Cabral, montada na Cadeia P\u00fablica Jos\u00e9 Frederico Marques, situada no bairro de Benfica.<\/p>\n<p>Al\u00e9m do espa\u00e7o exclusivo para filmes, o grupo foi responsabilizado por outras facilidades obtidas de maneira irregular na Penitenci\u00e1ria de Bangu VIII.<\/p>\n<p>A decis\u00e3o desfavor\u00e1vel aos r\u00e9us foi proferida pelos desembargadores integrantes da Quarta C\u00e2mara de Direito P\u00fablico.<\/p>\n<p>Por Reda\u00e7\u00e3o Acontece<\/p>\n<p>Imagem: Divulga\u00e7\u00e3o\/TJRJ<\/p>\n","protected":false},"excerpt":{"rendered":"<p>O Tribunal de Justi\u00e7a do Rio de Janeiro determinou a condena\u00e7\u00e3o do ex-governador S\u00e9rgio Cabral e de outros seis envolvidos em um processo de improbidade administrativa. Esquema de privil\u00e9gios na pris\u00e3o A senten\u00e7a aponta a exist\u00eancia de um sistema ilegal de regalias dentro das unidades prisionais onde o pol\u00edtico esteve detido. A famosa videoteca do [&hellip;]<\/p>\n","protected":false},"author":2,"featured_media":35521,"comment_status":"open","ping_status":"open","sticky":false,"template":"","format":"standard","meta":{"footnotes":""},"categories":[28],"tags":[],"class_list":["post-35460","post","type-post","status-publish","format-standard","has-post-thumbnail","hentry","category-mundo"],"_links":{"self":[{"href":"https:\/\/acontecenafronteira.com.br\/index.php\/wp-json\/wp\/v2\/posts\/35460","targetHints":{"allow":["GET"]}}],"collection":[{"href":"https:\/\/acontecenafronteira.com.br\/index.php\/wp-json\/wp\/v2\/posts"}],"about":[{"href":"https:\/\/acontecenafronteira.com.br\/index.php\/wp-json\/wp\/v2\/types\/post"}],"author":[{"embeddable":true,"href":"https:\/\/acontecenafronteira.com.br\/index.php\/wp-json\/wp\/v2\/users\/2"}],"replies":[{"embeddable":true,"href":"https:\/\/acontecenafronteira.com.br\/index.php\/wp-json\/wp\/v2\/comments?post=35460"}],"version-history":[{"count":1,"href":"https:\/\/acontecenafronteira.com.br\/index.php\/wp-json\/wp\/v2\/posts\/35460\/revisions"}],"predecessor-version":[{"id":35519,"href":"https:\/\/acontecenafronteira.com.br\/index.php\/wp-json\/wp\/v2\/posts\/35460\/revisions\/35519"}],"wp:featuredmedia":[{"embeddable":true,"href":"https:\/\/acontecenafronteira.com.br\/index.php\/wp-json\/wp\/v2\/media\/35521"}],"wp:attachment":[{"href":"https:\/\/acontecenafronteira.com.br\/index.php\/wp-json\/wp\/v2\/media?parent=35460"}],"wp:term":[{"taxonomy":"category","embeddable":true,"href":"https:\/\/acontecenafronteira.com.br\/index.php\/wp-json\/wp\/v2\/categories?post=35460"},{"taxonomy":"post_tag","embeddable":true,"href":"https:\/\/acontecenafronteira.com.br\/index.php\/wp-json\/wp\/v2\/tags?post=35460"}],"curies":[{"name":"wp","href":"https:\/\/api.w.org\/{rel}","templated":true}]}}