{"id":35459,"date":"2026-09-04T19:35:57","date_gmt":"2026-09-04T22:35:57","guid":{"rendered":"https:\/\/acontecenafronteira.com.br\/?p=35459"},"modified":"2026-09-04T19:35:57","modified_gmt":"2026-09-04T22:35:57","slug":"flamengo-e-foz-do-iguacu-as-ultimas-do-esporte-paranaense","status":"publish","type":"post","link":"https:\/\/acontecenafronteira.com.br\/index.php\/2026\/09\/04\/flamengo-e-foz-do-iguacu-as-ultimas-do-esporte-paranaense\/","title":{"rendered":"Flamengo e Foz do Igua\u00e7u: as \u00faltimas do esporte paranaense"},"content":{"rendered":"<p>A repercuss\u00e3o no futebol brasileiro sobre o desempenho de ex-treinadores do Flamengo ecoa fortemente entre os torcedores, enquanto os clubes do Paran\u00e1 movimentam os bastidores esportivos da temporada.<\/p>\n<h2>O impacto internacional de ex-t\u00e9cnicos do Flamengo<\/h2>\n<p>O in\u00edcio de trabalho de Filipe Lu\u00eds no comando do Monaco, com vit\u00f3ria sobre o PSG, agitou as redes sociais no Brasil. A campanha 100% vitoriosa na Ligue 1 trouxe lembran\u00e7as da passagem do comandante pelo clube carioca, especialmente entre os torcedores paranaenses que acompanham o futebol europeu.<\/p>\n<h2>Foco no futebol paranaense<\/h2>\n<p>No cen\u00e1rio estadual, as aten\u00e7\u00f5es se voltam para a prepara\u00e7\u00e3o das equipes locais visando as principais competi\u00e7\u00f5es do calend\u00e1rio nacional, como o Campeonato Brasileiro e a Copa do Brasil.<\/p>\n<h3>Desafios dos times de Foz do Igua\u00e7u<\/h3>\n<p>As equipes que representam Foz do Igua\u00e7u intensificam os treinamentos e a busca por refor\u00e7os. O objetivo \u00e9 garantir um desempenho competitivo \u00e0 altura das expectativas da torcida da regi\u00e3o de fronteira.<\/p>\n<p>A expectativa da diretoria \u00e9 consolidar o esporte local em evid\u00eancia nacional, atraindo novos patroc\u00ednios e engajando ainda mais a comunidade esportiva do estado.<\/p>\n<p>Por Reda\u00e7\u00e3o Acontece<\/p>\n<p>Cr\u00e9ditos da imagem: Divulga\u00e7\u00e3o \/ Redes Sociais<\/p>\n","protected":false},"excerpt":{"rendered":"<p>A repercuss\u00e3o no futebol brasileiro sobre o desempenho de ex-treinadores do Flamengo ecoa fortemente entre os torcedores, enquanto os clubes do Paran\u00e1 movimentam os bastidores esportivos da temporada. O impacto internacional de ex-t\u00e9cnicos do Flamengo O in\u00edcio de trabalho de Filipe Lu\u00eds no comando do Monaco, com vit\u00f3ria sobre o PSG, agitou as redes sociais [&hellip;]<\/p>\n","protected":false},"author":2,"featured_media":35515,"comment_status":"open","ping_status":"open","sticky":false,"template":"","format":"standard","meta":{"footnotes":""},"categories":[28],"tags":[],"class_list":["post-35459","post","type-post","status-publish","format-standard","has-post-thumbnail","hentry","category-mundo"],"_links":{"self":[{"href":"https:\/\/acontecenafronteira.com.br\/index.php\/wp-json\/wp\/v2\/posts\/35459","targetHints":{"allow":["GET"]}}],"collection":[{"href":"https:\/\/acontecenafronteira.com.br\/index.php\/wp-json\/wp\/v2\/posts"}],"about":[{"href":"https:\/\/acontecenafronteira.com.br\/index.php\/wp-json\/wp\/v2\/types\/post"}],"author":[{"embeddable":true,"href":"https:\/\/acontecenafronteira.com.br\/index.php\/wp-json\/wp\/v2\/users\/2"}],"replies":[{"embeddable":true,"href":"https:\/\/acontecenafronteira.com.br\/index.php\/wp-json\/wp\/v2\/comments?post=35459"}],"version-history":[{"count":1,"href":"https:\/\/acontecenafronteira.com.br\/index.php\/wp-json\/wp\/v2\/posts\/35459\/revisions"}],"predecessor-version":[{"id":35514,"href":"https:\/\/acontecenafronteira.com.br\/index.php\/wp-json\/wp\/v2\/posts\/35459\/revisions\/35514"}],"wp:featuredmedia":[{"embeddable":true,"href":"https:\/\/acontecenafronteira.com.br\/index.php\/wp-json\/wp\/v2\/media\/35515"}],"wp:attachment":[{"href":"https:\/\/acontecenafronteira.com.br\/index.php\/wp-json\/wp\/v2\/media?parent=35459"}],"wp:term":[{"taxonomy":"category","embeddable":true,"href":"https:\/\/acontecenafronteira.com.br\/index.php\/wp-json\/wp\/v2\/categories?post=35459"},{"taxonomy":"post_tag","embeddable":true,"href":"https:\/\/acontecenafronteira.com.br\/index.php\/wp-json\/wp\/v2\/tags?post=35459"}],"curies":[{"name":"wp","href":"https:\/\/api.w.org\/{rel}","templated":true}]}}