{"id":35457,"date":"2026-09-04T19:35:09","date_gmt":"2026-09-04T22:35:09","guid":{"rendered":"https:\/\/acontecenafronteira.com.br\/?p=35457"},"modified":"2026-09-04T19:35:09","modified_gmt":"2026-09-04T22:35:09","slug":"deltan-dallagnol-recorre-ao-tre-pr-para-barrar-julgamento","status":"publish","type":"post","link":"https:\/\/acontecenafronteira.com.br\/index.php\/2026\/09\/04\/deltan-dallagnol-recorre-ao-tre-pr-para-barrar-julgamento\/","title":{"rendered":"Deltan Dallagnol recorre ao TRE-PR para barrar julgamento"},"content":{"rendered":"<p>A defesa do ex-deputado federal Deltan Dallagnol movimentou a Justi\u00e7a Eleitoral paranaense ao protocolar um recurso contra a decis\u00e3o que acelerou a an\u00e1lise de seu registro de candidatura no estado.<\/p>\n<h2>Entenda o impasse jur\u00eddico no Paran\u00e1<\/h2>\n<p>A relatora do processo no Tribunal Regional Eleitoral do Paran\u00e1 (TRE-PR), desembargadora Vanessa Jamus Marchi, encerrou a etapa de instru\u00e7\u00e3o probat\u00f3ria e negou novos pedidos de documentos, deixando o caso pronto para aprecia\u00e7\u00e3o.<\/p>\n<p>Em resposta \u00e0 movimenta\u00e7\u00e3o da magistrada, os advogados do ex-procurador apresentaram embargos de declara\u00e7\u00e3o exigindo um posicionamento oficial sobre um of\u00edcio pendente relacionado ao Tribunal de Contas da Uni\u00e3o.<\/p>\n<h3>O hist\u00f3rico envolvendo o TCU<\/h3>\n<p>Em 2022, o \u00f3rg\u00e3o de contas condenou ex-integrantes da Opera\u00e7\u00e3o Lava Jato ao ressarcimento de valores gastos com passagens e di\u00e1rias, contudo, a senten\u00e7a foi revertida pelo Tribunal Regional Federal da 4.\u00aa Regi\u00e3o em 2024.<\/p>\n<p>A defesa aponta que a relatora ignorou o pedido de consulta ao TCU ao focar apenas nas provas testemunhais, exigindo um novo pronunciamento que pode alterar os rumos do processo no Paran\u00e1.<\/p>\n<p>Antes dessa discuss\u00e3o, a equipe jur\u00eddica j\u00e1 havia acionado a Justi\u00e7a do estado para buscar uma certeza sobre a elegibilidade do pol\u00edtico, argumentando que a cassa\u00e7\u00e3o de seu mandato em 2023 pelo Tribunal Superior Eleitoral n\u00e3o determinou inelegibilidade autom\u00e1tica ou prazo de oito anos.<\/p>\n<p>O Minist\u00e9rio P\u00fablico Eleitoral emitiu parecer favor\u00e1vel \u00e0 candidatura, destacando que os procedimentos administrativos pendentes no Conselho Nacional do Minist\u00e9rio P\u00fablico foram arquivados por prescri\u00e7\u00e3o ou encerrados sem risco de demiss\u00e3o.<\/p>\n<p>Por Reda\u00e7\u00e3o Acontece<\/p>\n<p>Imagem: Divulga\u00e7\u00e3o<\/p>\n","protected":false},"excerpt":{"rendered":"<p>A defesa do ex-deputado federal Deltan Dallagnol movimentou a Justi\u00e7a Eleitoral paranaense ao protocolar um recurso contra a decis\u00e3o que acelerou a an\u00e1lise de seu registro de candidatura no estado. Entenda o impasse jur\u00eddico no Paran\u00e1 A relatora do processo no Tribunal Regional Eleitoral do Paran\u00e1 (TRE-PR), desembargadora Vanessa Jamus Marchi, encerrou a etapa de [&hellip;]<\/p>\n","protected":false},"author":2,"featured_media":35491,"comment_status":"open","ping_status":"open","sticky":false,"template":"","format":"standard","meta":{"footnotes":""},"categories":[28],"tags":[],"class_list":["post-35457","post","type-post","status-publish","format-standard","has-post-thumbnail","hentry","category-mundo"],"_links":{"self":[{"href":"https:\/\/acontecenafronteira.com.br\/index.php\/wp-json\/wp\/v2\/posts\/35457","targetHints":{"allow":["GET"]}}],"collection":[{"href":"https:\/\/acontecenafronteira.com.br\/index.php\/wp-json\/wp\/v2\/posts"}],"about":[{"href":"https:\/\/acontecenafronteira.com.br\/index.php\/wp-json\/wp\/v2\/types\/post"}],"author":[{"embeddable":true,"href":"https:\/\/acontecenafronteira.com.br\/index.php\/wp-json\/wp\/v2\/users\/2"}],"replies":[{"embeddable":true,"href":"https:\/\/acontecenafronteira.com.br\/index.php\/wp-json\/wp\/v2\/comments?post=35457"}],"version-history":[{"count":1,"href":"https:\/\/acontecenafronteira.com.br\/index.php\/wp-json\/wp\/v2\/posts\/35457\/revisions"}],"predecessor-version":[{"id":35490,"href":"https:\/\/acontecenafronteira.com.br\/index.php\/wp-json\/wp\/v2\/posts\/35457\/revisions\/35490"}],"wp:featuredmedia":[{"embeddable":true,"href":"https:\/\/acontecenafronteira.com.br\/index.php\/wp-json\/wp\/v2\/media\/35491"}],"wp:attachment":[{"href":"https:\/\/acontecenafronteira.com.br\/index.php\/wp-json\/wp\/v2\/media?parent=35457"}],"wp:term":[{"taxonomy":"category","embeddable":true,"href":"https:\/\/acontecenafronteira.com.br\/index.php\/wp-json\/wp\/v2\/categories?post=35457"},{"taxonomy":"post_tag","embeddable":true,"href":"https:\/\/acontecenafronteira.com.br\/index.php\/wp-json\/wp\/v2\/tags?post=35457"}],"curies":[{"name":"wp","href":"https:\/\/api.w.org\/{rel}","templated":true}]}}