{"id":35455,"date":"2026-09-04T19:34:32","date_gmt":"2026-09-04T22:34:32","guid":{"rendered":"https:\/\/acontecenafronteira.com.br\/?p=35455"},"modified":"2026-09-04T19:34:32","modified_gmt":"2026-09-04T22:34:32","slug":"ancelotti-observa-brasileirao-de-olho-na-selecao","status":"publish","type":"post","link":"https:\/\/acontecenafronteira.com.br\/index.php\/2026\/09\/04\/ancelotti-observa-brasileirao-de-olho-na-selecao\/","title":{"rendered":"Ancelotti observa Brasileir\u00e3o de olho na Sele\u00e7\u00e3o"},"content":{"rendered":"<p>Com a proximidade da primeira lista de convocados para os amistosos da sele\u00e7\u00e3o brasileira ap\u00f3s o Mundial, a comiss\u00e3o t\u00e9cnica intensifica o monitoramento de atletas no cen\u00e1rio nacional. O t\u00e9cnico Carlo Ancelotti marcar\u00e1 presen\u00e7a no est\u00e1dio Nilton Santos neste domingo para acompanhar o duelo entre Botafogo e Palmeiras, v\u00e1lido pelo <strong>Campeonato Brasileiro<\/strong>, com in\u00edcio marcado para as 18h30.<\/p>\n<h2>Olheiros da CBF espalhados pelo pa\u00eds<\/h2>\n<p>\nO comandante italiano estar\u00e1 acompanhado por Rodrigo Caetano, coordenador geral de sele\u00e7\u00f5es, e por Juan Santos, coordenador t\u00e9cnico da equipe principal. Na pr\u00f3xima quarta-feira, o treinador revelar\u00e1 os nomes escolhidos na sede da CBF, no Rio de Janeiro, para os confrontos contra a Austr\u00e1lia, nos dias 25 e 29, e contra a \u00cdndia, em 3 de outubro.<\/p>\n<h2>Candidatos \u00e0s vagas em campo<\/h2>\n<p>\nO confronto de domingo re\u00fane diversos atletas cotados para vestir a Amarelinha. Pelo lado alvinegro, o volante Danilo e o lateral-direito Vitinho buscam espa\u00e7o. Na equipe paulista, o zagueiro Murilo, o volante Andreas Pereira e o atacante Vitor Roque tentam convencer a comiss\u00e3o t\u00e9cnica. O goleiro Carlos Miguel tamb\u00e9m j\u00e1 foi monitorado anteriormente.<\/p>\n<h2>Outros confrontos monitorados no Brasil<\/h2>\n<p>\nA agenda da comiss\u00e3o neste fim de semana inclui observa\u00e7\u00f5es em outras pra\u00e7as esportivas do pa\u00eds. No s\u00e1bado, o preparador f\u00edsico Cristiano Nunes e o analista de desempenho Bruno Baquete conferem o cl\u00e1ssico entre Fluminense e Vasco no Maracan\u00e3. Simultaneamente, o analista Thomaz Ara\u00fajo e o t\u00e9cnico da categoria sub-20, Paulo Victor, acompanham S\u00e3o Paulo e Atl\u00e9tico-MG no est\u00e1dio do Morumbi.<\/p>\n<p>Enquanto isso, membros estrangeiros da comiss\u00e3o t\u00e9cnica seguem avaliando partidas de destaque nas principais ligas do futebol europeu para complementar o mapeamento de talentos que atuam no exterior.<\/p>\n<p>A prepara\u00e7\u00e3o da equipe nacional entra em fase decisiva com a defini\u00e7\u00e3o dos convocados que iniciar\u00e3o este novo ciclo de amistosos internacionais pelo mundo.<\/p>\n<p>Por Reda\u00e7\u00e3o Acontece<\/p>\n<p>Cr\u00e9ditos da imagem: Divulga\u00e7\u00e3o\/CBF<\/p>\n","protected":false},"excerpt":{"rendered":"<p>Com a proximidade da primeira lista de convocados para os amistosos da sele\u00e7\u00e3o brasileira ap\u00f3s o Mundial, a comiss\u00e3o t\u00e9cnica intensifica o monitoramento de atletas no cen\u00e1rio nacional. O t\u00e9cnico Carlo Ancelotti marcar\u00e1 presen\u00e7a no est\u00e1dio Nilton Santos neste domingo para acompanhar o duelo entre Botafogo e Palmeiras, v\u00e1lido pelo Campeonato Brasileiro, com in\u00edcio marcado [&hellip;]<\/p>\n","protected":false},"author":2,"featured_media":35487,"comment_status":"open","ping_status":"open","sticky":false,"template":"","format":"standard","meta":{"footnotes":""},"categories":[28],"tags":[],"class_list":["post-35455","post","type-post","status-publish","format-standard","has-post-thumbnail","hentry","category-mundo"],"_links":{"self":[{"href":"https:\/\/acontecenafronteira.com.br\/index.php\/wp-json\/wp\/v2\/posts\/35455","targetHints":{"allow":["GET"]}}],"collection":[{"href":"https:\/\/acontecenafronteira.com.br\/index.php\/wp-json\/wp\/v2\/posts"}],"about":[{"href":"https:\/\/acontecenafronteira.com.br\/index.php\/wp-json\/wp\/v2\/types\/post"}],"author":[{"embeddable":true,"href":"https:\/\/acontecenafronteira.com.br\/index.php\/wp-json\/wp\/v2\/users\/2"}],"replies":[{"embeddable":true,"href":"https:\/\/acontecenafronteira.com.br\/index.php\/wp-json\/wp\/v2\/comments?post=35455"}],"version-history":[{"count":1,"href":"https:\/\/acontecenafronteira.com.br\/index.php\/wp-json\/wp\/v2\/posts\/35455\/revisions"}],"predecessor-version":[{"id":35486,"href":"https:\/\/acontecenafronteira.com.br\/index.php\/wp-json\/wp\/v2\/posts\/35455\/revisions\/35486"}],"wp:featuredmedia":[{"embeddable":true,"href":"https:\/\/acontecenafronteira.com.br\/index.php\/wp-json\/wp\/v2\/media\/35487"}],"wp:attachment":[{"href":"https:\/\/acontecenafronteira.com.br\/index.php\/wp-json\/wp\/v2\/media?parent=35455"}],"wp:term":[{"taxonomy":"category","embeddable":true,"href":"https:\/\/acontecenafronteira.com.br\/index.php\/wp-json\/wp\/v2\/categories?post=35455"},{"taxonomy":"post_tag","embeddable":true,"href":"https:\/\/acontecenafronteira.com.br\/index.php\/wp-json\/wp\/v2\/tags?post=35455"}],"curies":[{"name":"wp","href":"https:\/\/api.w.org\/{rel}","templated":true}]}}