{"id":35454,"date":"2026-09-04T19:34:27","date_gmt":"2026-09-04T22:34:27","guid":{"rendered":"https:\/\/acontecenafronteira.com.br\/?p=35454"},"modified":"2026-09-04T19:34:27","modified_gmt":"2026-09-04T22:34:27","slug":"mendonca-e-moraes-lideram-redes-sociais-e-superam-bolsonaro","status":"publish","type":"post","link":"https:\/\/acontecenafronteira.com.br\/index.php\/2026\/09\/04\/mendonca-e-moraes-lideram-redes-sociais-e-superam-bolsonaro\/","title":{"rendered":"Mendon\u00e7a e Moraes lideram redes sociais e superam Bolsonaro"},"content":{"rendered":"<p>O confronto verbal entre os ministros Alexandre de Moraes e Andr\u00e9 Mendon\u00e7a, integrantes do Supremo Tribunal Federal, alcan\u00e7ou a marca de assunto pol\u00edtico com maior engajamento digital no \u00faltimo ano no pa\u00eds, desbancando temas como a condena\u00e7\u00e3o de Jair Bolsonaro e o fen\u00f4meno &#8220;Dark Horse&#8221;.<\/p>\n<h2>Impacto digital e volume de men\u00e7\u00f5es<\/h2>\n<p>A informa\u00e7\u00e3o foi revelada por uma pesquisa conduzida pelo Instituto Democracia em Xeque. O levantamento contabilizou quase 2,3 milh\u00f5es de postagens na internet focadas no atrito entre os magistrados em um curto intervalo de tr\u00eas dias.<\/p>\n<h3>Estrat\u00e9gia dos partidos de esquerda<\/h3>\n<p>Diante da enorme repercuss\u00e3o gerada pelo embate na Suprema Corte, setores pol\u00edticos da esquerda j\u00e1 direcionam suas aten\u00e7\u00f5es e artilharia digital para o deputado federal Nikolas Ferreira, buscando capitalizar o momento de alta polariza\u00e7\u00e3o nas redes sociais.<\/p>\n<p>Por Reda\u00e7\u00e3o Acontece<\/p>\n<p>Imagem: Divulga\u00e7\u00e3o \/ STF<\/p>\n","protected":false},"excerpt":{"rendered":"<p>O confronto verbal entre os ministros Alexandre de Moraes e Andr\u00e9 Mendon\u00e7a, integrantes do Supremo Tribunal Federal, alcan\u00e7ou a marca de assunto pol\u00edtico com maior engajamento digital no \u00faltimo ano no pa\u00eds, desbancando temas como a condena\u00e7\u00e3o de Jair Bolsonaro e o fen\u00f4meno &#8220;Dark Horse&#8221;. Impacto digital e volume de men\u00e7\u00f5es A informa\u00e7\u00e3o foi revelada [&hellip;]<\/p>\n","protected":false},"author":2,"featured_media":35485,"comment_status":"open","ping_status":"open","sticky":false,"template":"","format":"standard","meta":{"footnotes":""},"categories":[28],"tags":[],"class_list":["post-35454","post","type-post","status-publish","format-standard","has-post-thumbnail","hentry","category-mundo"],"_links":{"self":[{"href":"https:\/\/acontecenafronteira.com.br\/index.php\/wp-json\/wp\/v2\/posts\/35454","targetHints":{"allow":["GET"]}}],"collection":[{"href":"https:\/\/acontecenafronteira.com.br\/index.php\/wp-json\/wp\/v2\/posts"}],"about":[{"href":"https:\/\/acontecenafronteira.com.br\/index.php\/wp-json\/wp\/v2\/types\/post"}],"author":[{"embeddable":true,"href":"https:\/\/acontecenafronteira.com.br\/index.php\/wp-json\/wp\/v2\/users\/2"}],"replies":[{"embeddable":true,"href":"https:\/\/acontecenafronteira.com.br\/index.php\/wp-json\/wp\/v2\/comments?post=35454"}],"version-history":[{"count":1,"href":"https:\/\/acontecenafronteira.com.br\/index.php\/wp-json\/wp\/v2\/posts\/35454\/revisions"}],"predecessor-version":[{"id":35484,"href":"https:\/\/acontecenafronteira.com.br\/index.php\/wp-json\/wp\/v2\/posts\/35454\/revisions\/35484"}],"wp:featuredmedia":[{"embeddable":true,"href":"https:\/\/acontecenafronteira.com.br\/index.php\/wp-json\/wp\/v2\/media\/35485"}],"wp:attachment":[{"href":"https:\/\/acontecenafronteira.com.br\/index.php\/wp-json\/wp\/v2\/media?parent=35454"}],"wp:term":[{"taxonomy":"category","embeddable":true,"href":"https:\/\/acontecenafronteira.com.br\/index.php\/wp-json\/wp\/v2\/categories?post=35454"},{"taxonomy":"post_tag","embeddable":true,"href":"https:\/\/acontecenafronteira.com.br\/index.php\/wp-json\/wp\/v2\/tags?post=35454"}],"curies":[{"name":"wp","href":"https:\/\/api.w.org\/{rel}","templated":true}]}}