{"id":35453,"date":"2026-09-04T19:34:17","date_gmt":"2026-09-04T22:34:17","guid":{"rendered":"https:\/\/acontecenafronteira.com.br\/?p=35453"},"modified":"2026-09-04T19:34:17","modified_gmt":"2026-09-04T22:34:17","slug":"projeto-aquarius-em-foz-do-iguacu-evento-de-musica-no-pr","status":"publish","type":"post","link":"https:\/\/acontecenafronteira.com.br\/index.php\/2026\/09\/04\/projeto-aquarius-em-foz-do-iguacu-evento-de-musica-no-pr\/","title":{"rendered":"Projeto Aquarius em Foz do Igua\u00e7u: Evento de M\u00fasica no PR"},"content":{"rendered":"<p>A cidade de Foz do Igua\u00e7u, localizada no estado do Paran\u00e1, prepara-se para receber grandes movimenta\u00e7\u00f5es culturais que prometem atrair moradores e turistas em busca de lazer de qualidade e apresenta\u00e7\u00f5es art\u00edsticas imperd\u00edveis na regi\u00e3o sul do pa\u00eds.<\/p>\n<h2>Grandes nomes da m\u00fasica brasileira no Paran\u00e1<\/h2>\n<p>\nO cen\u00e1rio cultural paranaense ganha ainda mais for\u00e7a com a confirma\u00e7\u00e3o de encontros hist\u00f3ricos entre artistas de diferentes gera\u00e7\u00f5es. A mistura de ritmos, que vai desde a musicalidade marcante do samba at\u00e9 a for\u00e7a do rap, demonstra a versatilidade dos palcos do estado, que recebem \u00edcones nacionais consagrados.<\/p>\n<h2>Orquestras renomadas e tradi\u00e7\u00e3o sinf\u00f4nica<\/h2>\n<p>\nA presen\u00e7a de importantes institui\u00e7\u00f5es musicais do pa\u00eds consolida o Paran\u00e1 como um polo de grandes espet\u00e1culos. A fus\u00e3o entre a m\u00fasica erudita e os ritmos populares \u00e9 conduzida por maestros de destaque internacional, garantindo apresenta\u00e7\u00f5es grandiosas e acess\u00edveis ao p\u00fablico que valoriza a cultura de concerto.<\/p>\n<p> Por Reda\u00e7\u00e3o Acontece<\/p>\n<p>Foto: Divulga\u00e7\u00e3o\/Assessoria<\/p>\n","protected":false},"excerpt":{"rendered":"<p>A cidade de Foz do Igua\u00e7u, localizada no estado do Paran\u00e1, prepara-se para receber grandes movimenta\u00e7\u00f5es culturais que prometem atrair moradores e turistas em busca de lazer de qualidade e apresenta\u00e7\u00f5es art\u00edsticas imperd\u00edveis na regi\u00e3o sul do pa\u00eds. Grandes nomes da m\u00fasica brasileira no Paran\u00e1 O cen\u00e1rio cultural paranaense ganha ainda mais for\u00e7a com a [&hellip;]<\/p>\n","protected":false},"author":2,"featured_media":35483,"comment_status":"open","ping_status":"open","sticky":false,"template":"","format":"standard","meta":{"footnotes":""},"categories":[28],"tags":[],"class_list":["post-35453","post","type-post","status-publish","format-standard","has-post-thumbnail","hentry","category-mundo"],"_links":{"self":[{"href":"https:\/\/acontecenafronteira.com.br\/index.php\/wp-json\/wp\/v2\/posts\/35453","targetHints":{"allow":["GET"]}}],"collection":[{"href":"https:\/\/acontecenafronteira.com.br\/index.php\/wp-json\/wp\/v2\/posts"}],"about":[{"href":"https:\/\/acontecenafronteira.com.br\/index.php\/wp-json\/wp\/v2\/types\/post"}],"author":[{"embeddable":true,"href":"https:\/\/acontecenafronteira.com.br\/index.php\/wp-json\/wp\/v2\/users\/2"}],"replies":[{"embeddable":true,"href":"https:\/\/acontecenafronteira.com.br\/index.php\/wp-json\/wp\/v2\/comments?post=35453"}],"version-history":[{"count":1,"href":"https:\/\/acontecenafronteira.com.br\/index.php\/wp-json\/wp\/v2\/posts\/35453\/revisions"}],"predecessor-version":[{"id":35482,"href":"https:\/\/acontecenafronteira.com.br\/index.php\/wp-json\/wp\/v2\/posts\/35453\/revisions\/35482"}],"wp:featuredmedia":[{"embeddable":true,"href":"https:\/\/acontecenafronteira.com.br\/index.php\/wp-json\/wp\/v2\/media\/35483"}],"wp:attachment":[{"href":"https:\/\/acontecenafronteira.com.br\/index.php\/wp-json\/wp\/v2\/media?parent=35453"}],"wp:term":[{"taxonomy":"category","embeddable":true,"href":"https:\/\/acontecenafronteira.com.br\/index.php\/wp-json\/wp\/v2\/categories?post=35453"},{"taxonomy":"post_tag","embeddable":true,"href":"https:\/\/acontecenafronteira.com.br\/index.php\/wp-json\/wp\/v2\/tags?post=35453"}],"curies":[{"name":"wp","href":"https:\/\/api.w.org\/{rel}","templated":true}]}}