{"id":35452,"date":"2026-09-04T19:34:00","date_gmt":"2026-09-04T22:34:00","guid":{"rendered":"https:\/\/acontecenafronteira.com.br\/?p=35452"},"modified":"2026-09-04T19:34:00","modified_gmt":"2026-09-04T22:34:00","slug":"governo-do-parana-leva-alunos-nota-10-ao-rock-in-rio-2026","status":"publish","type":"post","link":"https:\/\/acontecenafronteira.com.br\/index.php\/2026\/09\/04\/governo-do-parana-leva-alunos-nota-10-ao-rock-in-rio-2026\/","title":{"rendered":"Governo do Paran\u00e1 leva alunos nota 10 ao Rock in Rio 2026"},"content":{"rendered":"<p>Alunos da rede estadual de ensino do <b>Paran\u00e1<\/b> que apresentaram destaque em sala de aula ser\u00e3o premiados com uma viagem inesquec\u00edvel para o <b>Rock in Rio 2026<\/b>. A a\u00e7\u00e3o in\u00e9dita \u00e9 fruto de uma colabora\u00e7\u00e3o direta entre o governo estadual e os organizadores de um dos maiores festivais de m\u00fasica do planeta.<\/p>\n<h2>Reconhecimento ao desempenho escolar<\/h2>\n<p>A iniciativa tem como principal objetivo valorizar a dedica\u00e7\u00e3o e o esfor\u00e7o dos jovens estudantes ao longo do ano letivo. Como premia\u00e7\u00e3o, os chamados <b>alunos nota 10<\/b> receber\u00e3o entradas garantidas para curtir os shows do megaevento musical.<\/p>\n<h2>Experi\u00eancia cultural para jovens paranaenses<\/h2>\n<p>Al\u00e9m de celebrar as boas notas, o projeto busca proporcionar viv\u00eancias culturais e de entretenimento enriquecidoras para a juventude paranaense. A oportunidade conecta o m\u00e9rito acad\u00eamico com o acesso a grandes manifesta\u00e7\u00f5es art\u00edsticas globais.<\/p>\n<p>A parceria inovadora refor\u00e7a o incentivo \u00e0 educa\u00e7\u00e3o p\u00fablica de qualidade no estado, mostrando que a dedica\u00e7\u00e3o nos estudos traz recompensas transformadoras para o futuro dos adolescentes.<\/p>\n<p>Por Reda\u00e7\u00e3o Acontece<\/p>\n<p>Foto: Divulga\u00e7\u00e3o\/Governo do Estado<\/p>\n","protected":false},"excerpt":{"rendered":"<p>Alunos da rede estadual de ensino do Paran\u00e1 que apresentaram destaque em sala de aula ser\u00e3o premiados com uma viagem inesquec\u00edvel para o Rock in Rio 2026. A a\u00e7\u00e3o in\u00e9dita \u00e9 fruto de uma colabora\u00e7\u00e3o direta entre o governo estadual e os organizadores de um dos maiores festivais de m\u00fasica do planeta. Reconhecimento ao desempenho [&hellip;]<\/p>\n","protected":false},"author":2,"featured_media":35481,"comment_status":"open","ping_status":"open","sticky":false,"template":"","format":"standard","meta":{"footnotes":""},"categories":[28],"tags":[],"class_list":["post-35452","post","type-post","status-publish","format-standard","has-post-thumbnail","hentry","category-mundo"],"_links":{"self":[{"href":"https:\/\/acontecenafronteira.com.br\/index.php\/wp-json\/wp\/v2\/posts\/35452","targetHints":{"allow":["GET"]}}],"collection":[{"href":"https:\/\/acontecenafronteira.com.br\/index.php\/wp-json\/wp\/v2\/posts"}],"about":[{"href":"https:\/\/acontecenafronteira.com.br\/index.php\/wp-json\/wp\/v2\/types\/post"}],"author":[{"embeddable":true,"href":"https:\/\/acontecenafronteira.com.br\/index.php\/wp-json\/wp\/v2\/users\/2"}],"replies":[{"embeddable":true,"href":"https:\/\/acontecenafronteira.com.br\/index.php\/wp-json\/wp\/v2\/comments?post=35452"}],"version-history":[{"count":1,"href":"https:\/\/acontecenafronteira.com.br\/index.php\/wp-json\/wp\/v2\/posts\/35452\/revisions"}],"predecessor-version":[{"id":35480,"href":"https:\/\/acontecenafronteira.com.br\/index.php\/wp-json\/wp\/v2\/posts\/35452\/revisions\/35480"}],"wp:featuredmedia":[{"embeddable":true,"href":"https:\/\/acontecenafronteira.com.br\/index.php\/wp-json\/wp\/v2\/media\/35481"}],"wp:attachment":[{"href":"https:\/\/acontecenafronteira.com.br\/index.php\/wp-json\/wp\/v2\/media?parent=35452"}],"wp:term":[{"taxonomy":"category","embeddable":true,"href":"https:\/\/acontecenafronteira.com.br\/index.php\/wp-json\/wp\/v2\/categories?post=35452"},{"taxonomy":"post_tag","embeddable":true,"href":"https:\/\/acontecenafronteira.com.br\/index.php\/wp-json\/wp\/v2\/tags?post=35452"}],"curies":[{"name":"wp","href":"https:\/\/api.w.org\/{rel}","templated":true}]}}