{"id":35450,"date":"2026-09-04T19:33:47","date_gmt":"2026-09-04T22:33:47","guid":{"rendered":"https:\/\/acontecenafronteira.com.br\/?p=35450"},"modified":"2026-09-04T19:33:47","modified_gmt":"2026-09-04T22:33:47","slug":"parana-na-mira-lula-e-fachin-discutem-crise-politica","status":"publish","type":"post","link":"https:\/\/acontecenafronteira.com.br\/index.php\/2026\/09\/04\/parana-na-mira-lula-e-fachin-discutem-crise-politica\/","title":{"rendered":"Paran\u00e1 na mira: Lula e Fachin discutem crise pol\u00edtica"},"content":{"rendered":"<p>O presidente Luiz In\u00e1cio Lula da Silva e o chefe do Supremo Tribunal Federal, Edson Fachin, mantiveram um di\u00e1logo reservado no Pal\u00e1cio do Planalto para debater a turbul\u00eancia institucional enfrentada pela Corte m\u00e1xima do pa\u00eds.<\/p>\n<h2>Bastidores do encontro em Bras\u00edlia<\/h2>\n<p>A conversa a portas fechadas antecedeu a san\u00e7\u00e3o de novas leis de financiamento para \u00f3rg\u00e3os federais de justi\u00e7a e contou com a presen\u00e7a de autoridades de alto escal\u00e3o da Rep\u00fablica.<\/p>\n<p>Participaram da reuni\u00e3o o procurador-geral da Rep\u00fablica, Paulo Gonet, o diretor-geral da Pol\u00edcia Federal, Andrei Rodrigues, al\u00e9m de representantes do Superior Tribunal de Justi\u00e7a e da Advocacia-Geral da Uni\u00e3o.<\/p>\n<h2>Impactos regionais e repercuss\u00e3o jur\u00eddica<\/h2>\n<p>Durante o alinhamento, os l\u00edderes discutiram superficialmente os atritos recentes entre ministros, ponderando a necessidade de respostas institucionais firmes sem atropelar os prazos legais previstos.<\/p>\n<p>O notici\u00e1rio recente tem mobilizado debates pol\u00edticos em todo o territ\u00f3rio nacional, gerando reflexos diretos na percep\u00e7\u00e3o p\u00fablica sobre a estabilidade dos Tr\u00eas Poderes e a atua\u00e7\u00e3o das inst\u00e2ncias superiores de justi\u00e7a.<\/p>\n<p>Por Reda\u00e7\u00e3o Acontece<\/p>\n<p>Cr\u00e9ditos da imagem: Divulga\u00e7\u00e3o \/ Pal\u00e1cio do Planalto<\/p>\n","protected":false},"excerpt":{"rendered":"<p>O presidente Luiz In\u00e1cio Lula da Silva e o chefe do Supremo Tribunal Federal, Edson Fachin, mantiveram um di\u00e1logo reservado no Pal\u00e1cio do Planalto para debater a turbul\u00eancia institucional enfrentada pela Corte m\u00e1xima do pa\u00eds. Bastidores do encontro em Bras\u00edlia A conversa a portas fechadas antecedeu a san\u00e7\u00e3o de novas leis de financiamento para \u00f3rg\u00e3os [&hellip;]<\/p>\n","protected":false},"author":2,"featured_media":35477,"comment_status":"open","ping_status":"open","sticky":false,"template":"","format":"standard","meta":{"footnotes":""},"categories":[28],"tags":[],"class_list":["post-35450","post","type-post","status-publish","format-standard","has-post-thumbnail","hentry","category-mundo"],"_links":{"self":[{"href":"https:\/\/acontecenafronteira.com.br\/index.php\/wp-json\/wp\/v2\/posts\/35450","targetHints":{"allow":["GET"]}}],"collection":[{"href":"https:\/\/acontecenafronteira.com.br\/index.php\/wp-json\/wp\/v2\/posts"}],"about":[{"href":"https:\/\/acontecenafronteira.com.br\/index.php\/wp-json\/wp\/v2\/types\/post"}],"author":[{"embeddable":true,"href":"https:\/\/acontecenafronteira.com.br\/index.php\/wp-json\/wp\/v2\/users\/2"}],"replies":[{"embeddable":true,"href":"https:\/\/acontecenafronteira.com.br\/index.php\/wp-json\/wp\/v2\/comments?post=35450"}],"version-history":[{"count":1,"href":"https:\/\/acontecenafronteira.com.br\/index.php\/wp-json\/wp\/v2\/posts\/35450\/revisions"}],"predecessor-version":[{"id":35476,"href":"https:\/\/acontecenafronteira.com.br\/index.php\/wp-json\/wp\/v2\/posts\/35450\/revisions\/35476"}],"wp:featuredmedia":[{"embeddable":true,"href":"https:\/\/acontecenafronteira.com.br\/index.php\/wp-json\/wp\/v2\/media\/35477"}],"wp:attachment":[{"href":"https:\/\/acontecenafronteira.com.br\/index.php\/wp-json\/wp\/v2\/media?parent=35450"}],"wp:term":[{"taxonomy":"category","embeddable":true,"href":"https:\/\/acontecenafronteira.com.br\/index.php\/wp-json\/wp\/v2\/categories?post=35450"},{"taxonomy":"post_tag","embeddable":true,"href":"https:\/\/acontecenafronteira.com.br\/index.php\/wp-json\/wp\/v2\/tags?post=35450"}],"curies":[{"name":"wp","href":"https:\/\/api.w.org\/{rel}","templated":true}]}}