{"id":35449,"date":"2026-09-04T19:33:38","date_gmt":"2026-09-04T22:33:38","guid":{"rendered":"https:\/\/acontecenafronteira.com.br\/?p=35449"},"modified":"2026-09-04T19:33:38","modified_gmt":"2026-09-04T22:33:38","slug":"pf-investigara-cartaz-politico-polemico-no-parana","status":"publish","type":"post","link":"https:\/\/acontecenafronteira.com.br\/index.php\/2026\/09\/04\/pf-investigara-cartaz-politico-polemico-no-parana\/","title":{"rendered":"PF investigar\u00e1 cartaz pol\u00edtico pol\u00eamico no Paran\u00e1"},"content":{"rendered":"<p>A Justi\u00e7a determinou recentemente que a Pol\u00edcia Federal assuma as investiga\u00e7\u00f5es sobre a origem de uma imagem veiculada em um portal de not\u00edcias, retratando um cartaz cr\u00edtico que faz men\u00e7\u00e3o ao falecimento do empres\u00e1rio Fernando Lucena, marido da governadora Raquel Lyra.<\/p>\n<h2>Determina\u00e7\u00e3o da Justi\u00e7a Federal<\/h2>\n<p>A ordem judicial atende a um pleito protocolado pela coliga\u00e7\u00e3o do candidato opositor Jo\u00e3o Campos, que levantou suspeitas sobre a veracidade do material f\u00edsico e solicitou uma per\u00edcia t\u00e9cnica aprofundada.<\/p>\n<h3>Detalhes da investiga\u00e7\u00e3o pericial<\/h3>\n<p>A magistrada respons\u00e1vel pelo caso ordenou que os peritos federais identifiquem o autor da fotografia, o momento exato e o local do registro, al\u00e9m de apurarem poss\u00edveis manipula\u00e7\u00f5es digitais na imagem antes de sua veicula\u00e7\u00e3o p\u00fablica na internet.<\/p>\n<h2>Medidas cautelares e preserva\u00e7\u00e3o de dados<\/h2>\n<p>O ve\u00edculo de comunica\u00e7\u00e3o respons\u00e1vel pela postagem original recebeu o prazo de 48 horas para entregar o arquivo digital bruto \u00e0s autoridades policiais, garantindo assim a integridade das provas materiais.<\/p>\n<h3>Envolvimento de plataformas digitais<\/h3>\n<p>A determina\u00e7\u00e3o tamb\u00e9m alcan\u00e7a a empresa Meta, propriet\u00e1ria do Instagram, que foi acionada para assegurar a guarda do arquivo original enviado \u00e0 rede social, resguardando o sigilo das comunica\u00e7\u00f5es privadas conforme a legisla\u00e7\u00e3o vigente.<\/p>\n<p>O caso segue em segredo de justi\u00e7a enquanto a corpora\u00e7\u00e3o policial realiza os exames t\u00e9cnicos necess\u00e1rios para esclarecer todos os fatos relacionados \u00e0 publica\u00e7\u00e3o do material difamat\u00f3rio na internet.<\/p>\n<p>Por Reda\u00e7\u00e3o Acontece<\/p>\n<p>Cr\u00e9ditos da imagem: Divulga\u00e7\u00e3o \/ PF<\/p>\n","protected":false},"excerpt":{"rendered":"<p>A Justi\u00e7a determinou recentemente que a Pol\u00edcia Federal assuma as investiga\u00e7\u00f5es sobre a origem de uma imagem veiculada em um portal de not\u00edcias, retratando um cartaz cr\u00edtico que faz men\u00e7\u00e3o ao falecimento do empres\u00e1rio Fernando Lucena, marido da governadora Raquel Lyra. Determina\u00e7\u00e3o da Justi\u00e7a Federal A ordem judicial atende a um pleito protocolado pela coliga\u00e7\u00e3o [&hellip;]<\/p>\n","protected":false},"author":2,"featured_media":35475,"comment_status":"open","ping_status":"open","sticky":false,"template":"","format":"standard","meta":{"footnotes":""},"categories":[28],"tags":[],"class_list":["post-35449","post","type-post","status-publish","format-standard","has-post-thumbnail","hentry","category-mundo"],"_links":{"self":[{"href":"https:\/\/acontecenafronteira.com.br\/index.php\/wp-json\/wp\/v2\/posts\/35449","targetHints":{"allow":["GET"]}}],"collection":[{"href":"https:\/\/acontecenafronteira.com.br\/index.php\/wp-json\/wp\/v2\/posts"}],"about":[{"href":"https:\/\/acontecenafronteira.com.br\/index.php\/wp-json\/wp\/v2\/types\/post"}],"author":[{"embeddable":true,"href":"https:\/\/acontecenafronteira.com.br\/index.php\/wp-json\/wp\/v2\/users\/2"}],"replies":[{"embeddable":true,"href":"https:\/\/acontecenafronteira.com.br\/index.php\/wp-json\/wp\/v2\/comments?post=35449"}],"version-history":[{"count":1,"href":"https:\/\/acontecenafronteira.com.br\/index.php\/wp-json\/wp\/v2\/posts\/35449\/revisions"}],"predecessor-version":[{"id":35474,"href":"https:\/\/acontecenafronteira.com.br\/index.php\/wp-json\/wp\/v2\/posts\/35449\/revisions\/35474"}],"wp:featuredmedia":[{"embeddable":true,"href":"https:\/\/acontecenafronteira.com.br\/index.php\/wp-json\/wp\/v2\/media\/35475"}],"wp:attachment":[{"href":"https:\/\/acontecenafronteira.com.br\/index.php\/wp-json\/wp\/v2\/media?parent=35449"}],"wp:term":[{"taxonomy":"category","embeddable":true,"href":"https:\/\/acontecenafronteira.com.br\/index.php\/wp-json\/wp\/v2\/categories?post=35449"},{"taxonomy":"post_tag","embeddable":true,"href":"https:\/\/acontecenafronteira.com.br\/index.php\/wp-json\/wp\/v2\/tags?post=35449"}],"curies":[{"name":"wp","href":"https:\/\/api.w.org\/{rel}","templated":true}]}}