{"id":35447,"date":"2026-09-04T19:33:02","date_gmt":"2026-09-04T22:33:02","guid":{"rendered":"https:\/\/acontecenafronteira.com.br\/?p=35447"},"modified":"2026-09-04T19:33:02","modified_gmt":"2026-09-04T22:33:02","slug":"augusto-cury-destaca-3a-via-e-10-em-pesquisa-presidencial","status":"publish","type":"post","link":"https:\/\/acontecenafronteira.com.br\/index.php\/2026\/09\/04\/augusto-cury-destaca-3a-via-e-10-em-pesquisa-presidencial\/","title":{"rendered":"Augusto Cury destaca 3\u00aa via e 10% em pesquisa presidencial"},"content":{"rendered":"<p>O escritor e candidato \u00e0 Presid\u00eancia da Rep\u00fablica pelo Avante, Augusto Cury, publicou nesta sexta-feira uma carta aberta \u00e0 popula\u00e7\u00e3o brasileira atrav\u00e9s de suas redes sociais, acompanhada por um v\u00eddeo onde celebra o avan\u00e7o na corrida eleitoral e defende uma alternativa \u00e0 divis\u00e3o pol\u00edtica atual.<\/p>\n<h2>O avan\u00e7o na corrida ao Pal\u00e1cio do Planalto<\/h2>\n<p>O presidenci\u00e1vel alcan\u00e7ou a marca de 10% das inten\u00e7\u00f5es de voto no levantamento mais recente do instituto Quaest, consolidando-se como uma op\u00e7\u00e3o de terceira via no cen\u00e1rio nacional.<\/p>\n<p>Na grava\u00e7\u00e3o divulgada na internet, Cury enfatizou que a conquista ocorreu mesmo diante de limita\u00e7\u00f5es estruturais de campanha.<\/p>\n<p>&#8220;Disseram que era imposs\u00edvel, imposs\u00edvel furar a bolha, imposs\u00edvel romper essa polariza\u00e7\u00e3o doentia que asfixia o Brasil h\u00e1 mais de 10 anos&#8221;, declarou o candidato, ressaltando que o crescimento veio sem recursos financeiros expressivos, apoio partid\u00e1rio maci\u00e7o ou grandes palanques.<\/p>\n<h2>A for\u00e7a entre os eleitores independentes<\/h2>\n<p>O desempenho do escritor foi impulsionado principalmente pelo eleitorado que se define como independente, parcela que n\u00e3o possui alinhamento autom\u00e1tico com a esquerda ou com a direita.<\/p>\n<p>Nesse segmento espec\u00edfico, que responde por 32% do total de entrevistados, Cury atingiu 24% das inten\u00e7\u00f5es de voto para o primeiro turno na mesma pesquisa Quaest.<\/p>\n<p>Com esse \u00edndice, o candidato do Avante superou os principais l\u00edderes da disputa na categoria, superando o atual presidente Luiz In\u00e1cio Lula da Silva, que pontuou com 21%, e o senador Fl\u00e1vio Bolsonaro, que registrou 9%.<\/p>\n<h2>Propostas e vis\u00e3o econ\u00f4mica<\/h2>\n<p>Durante a manifesta\u00e7\u00e3o p\u00fablica, o empres\u00e1rio tamb\u00e9m pontuou sua vis\u00e3o sobre economia e desenvolvimento social, afirmando acreditar no potencial produtivo do pa\u00eds atrelado ao bem-estar da popula\u00e7\u00e3o.<\/p>\n<p>O candidato defendeu a liberdade para empreender, trabalhar e prosperar por meio da meritocracia, sem abrir m\u00e3o de sensibilidade social para atender \u00e0s demandas mais urgentes dos cidad\u00e3os.<\/p>\n<p>A estrat\u00e9gia da campanha busca atrair o eleitorado cansado do embate tradicional entre os principais blocos pol\u00edticos da \u00faltima d\u00e9cada.<\/p>\n<p>Com o salto de 2% para 10% nas prefer\u00eancias do eleitorado geral, Cury ultrapassou outros nomes cotados na disputa, como os ex-governadores Ronaldo Caiado e Romeu Zema, al\u00e9m de Renan Santos.<\/p>\n<p>Por Reda\u00e7\u00e3o Acontece<\/p>\n<p>Foto: Divulga\u00e7\u00e3o \/ Redes Sociais<\/p>\n","protected":false},"excerpt":{"rendered":"<p>O escritor e candidato \u00e0 Presid\u00eancia da Rep\u00fablica pelo Avante, Augusto Cury, publicou nesta sexta-feira uma carta aberta \u00e0 popula\u00e7\u00e3o brasileira atrav\u00e9s de suas redes sociais, acompanhada por um v\u00eddeo onde celebra o avan\u00e7o na corrida eleitoral e defende uma alternativa \u00e0 divis\u00e3o pol\u00edtica atual. O avan\u00e7o na corrida ao Pal\u00e1cio do Planalto O presidenci\u00e1vel [&hellip;]<\/p>\n","protected":false},"author":2,"featured_media":35471,"comment_status":"open","ping_status":"open","sticky":false,"template":"","format":"standard","meta":{"footnotes":""},"categories":[28],"tags":[],"class_list":["post-35447","post","type-post","status-publish","format-standard","has-post-thumbnail","hentry","category-mundo"],"_links":{"self":[{"href":"https:\/\/acontecenafronteira.com.br\/index.php\/wp-json\/wp\/v2\/posts\/35447","targetHints":{"allow":["GET"]}}],"collection":[{"href":"https:\/\/acontecenafronteira.com.br\/index.php\/wp-json\/wp\/v2\/posts"}],"about":[{"href":"https:\/\/acontecenafronteira.com.br\/index.php\/wp-json\/wp\/v2\/types\/post"}],"author":[{"embeddable":true,"href":"https:\/\/acontecenafronteira.com.br\/index.php\/wp-json\/wp\/v2\/users\/2"}],"replies":[{"embeddable":true,"href":"https:\/\/acontecenafronteira.com.br\/index.php\/wp-json\/wp\/v2\/comments?post=35447"}],"version-history":[{"count":1,"href":"https:\/\/acontecenafronteira.com.br\/index.php\/wp-json\/wp\/v2\/posts\/35447\/revisions"}],"predecessor-version":[{"id":35470,"href":"https:\/\/acontecenafronteira.com.br\/index.php\/wp-json\/wp\/v2\/posts\/35447\/revisions\/35470"}],"wp:featuredmedia":[{"embeddable":true,"href":"https:\/\/acontecenafronteira.com.br\/index.php\/wp-json\/wp\/v2\/media\/35471"}],"wp:attachment":[{"href":"https:\/\/acontecenafronteira.com.br\/index.php\/wp-json\/wp\/v2\/media?parent=35447"}],"wp:term":[{"taxonomy":"category","embeddable":true,"href":"https:\/\/acontecenafronteira.com.br\/index.php\/wp-json\/wp\/v2\/categories?post=35447"},{"taxonomy":"post_tag","embeddable":true,"href":"https:\/\/acontecenafronteira.com.br\/index.php\/wp-json\/wp\/v2\/tags?post=35447"}],"curies":[{"name":"wp","href":"https:\/\/api.w.org\/{rel}","templated":true}]}}