{"id":35446,"date":"2026-09-04T19:32:57","date_gmt":"2026-09-04T22:32:57","guid":{"rendered":"https:\/\/acontecenafronteira.com.br\/?p=35446"},"modified":"2026-09-04T19:32:57","modified_gmt":"2026-09-04T22:32:57","slug":"cintia-dicker-pede-pensao-a-pedro-scooby","status":"publish","type":"post","link":"https:\/\/acontecenafronteira.com.br\/index.php\/2026\/09\/04\/cintia-dicker-pede-pensao-a-pedro-scooby\/","title":{"rendered":"Cintia Dicker pede pens\u00e3o a Pedro Scooby"},"content":{"rendered":"<p>A modelo Cintia Dicker entrou com uma a\u00e7\u00e3o judicial de pedido de pens\u00e3o aliment\u00edcia contra o ex-marido, o surfista Pedro Scooby, referente \u00e0 filha do ex-casal, Aurora, de 3 anos de idade.<\/p>\n<h2>Detalhes do processo de div\u00f3rcio<\/h2>\n<p>O processo tramita em segredo de Justi\u00e7a e discute os valores destinados aos custos com a cria\u00e7\u00e3o da crian\u00e7a. Os dois anunciaram o fim do relacionamento de cinco anos h\u00e1 cerca de dois meses, mas o atleta havia declarado publicamente que a separa\u00e7\u00e3o ocorreu de maneira amig\u00e1vel.<\/p>\n<h2>Quem \u00e9 Cintia Dicker<\/h2>\n<p>Nascida no Rio Grande do Sul, a carreira da profissional das passarelas come\u00e7ou aos 15 anos de idade ap\u00f3s ser agenciada por um olheiro em sua terra natal. Rapidamente, ela alcan\u00e7ou proje\u00e7\u00e3o global e integrou o grupo de grandes nomes da moda mundial.<\/p>\n<p>Durante sua trajet\u00f3ria, trabalhou para grifes de alto padr\u00e3o como Gucci, Lanvin, Jean Paul Gaultier, Moschino e Diane von Furstenberg, al\u00e9m de campanhas para marcas globais de grande relev\u00e2ncia.<\/p>\n<h2>Consagra\u00e7\u00e3o no mercado internacional<\/h2>\n<p>A top model tamb\u00e9m estampou capas e editoriais de publica\u00e7\u00f5es prestigiadas, a exemplo da Vogue, Elle e Harper&#8217;s Bazaar, consolidando passagens de trabalho por centros fashion como Estados Unidos, Fran\u00e7a, It\u00e1lia, Jap\u00e3o e Alemanha.<\/p>\n<p>O desdobramento judicial agora adiciona um novo cap\u00edtulo \u00e0 vida do ex-casal ap\u00f3s o t\u00e9rmino do matrim\u00f4nio, enquanto a modelo segue com sua agenda de compromissos profissionais e art\u00edsticos.<\/p>\n<p>Por Reda\u00e7\u00e3o Acontece<\/p>\n<p>Reprodu\u00e7\u00e3o<\/p>\n","protected":false},"excerpt":{"rendered":"<p>A modelo Cintia Dicker entrou com uma a\u00e7\u00e3o judicial de pedido de pens\u00e3o aliment\u00edcia contra o ex-marido, o surfista Pedro Scooby, referente \u00e0 filha do ex-casal, Aurora, de 3 anos de idade. Detalhes do processo de div\u00f3rcio O processo tramita em segredo de Justi\u00e7a e discute os valores destinados aos custos com a cria\u00e7\u00e3o da [&hellip;]<\/p>\n","protected":false},"author":2,"featured_media":35469,"comment_status":"open","ping_status":"open","sticky":false,"template":"","format":"standard","meta":{"footnotes":""},"categories":[28],"tags":[],"class_list":["post-35446","post","type-post","status-publish","format-standard","has-post-thumbnail","hentry","category-mundo"],"_links":{"self":[{"href":"https:\/\/acontecenafronteira.com.br\/index.php\/wp-json\/wp\/v2\/posts\/35446","targetHints":{"allow":["GET"]}}],"collection":[{"href":"https:\/\/acontecenafronteira.com.br\/index.php\/wp-json\/wp\/v2\/posts"}],"about":[{"href":"https:\/\/acontecenafronteira.com.br\/index.php\/wp-json\/wp\/v2\/types\/post"}],"author":[{"embeddable":true,"href":"https:\/\/acontecenafronteira.com.br\/index.php\/wp-json\/wp\/v2\/users\/2"}],"replies":[{"embeddable":true,"href":"https:\/\/acontecenafronteira.com.br\/index.php\/wp-json\/wp\/v2\/comments?post=35446"}],"version-history":[{"count":1,"href":"https:\/\/acontecenafronteira.com.br\/index.php\/wp-json\/wp\/v2\/posts\/35446\/revisions"}],"predecessor-version":[{"id":35468,"href":"https:\/\/acontecenafronteira.com.br\/index.php\/wp-json\/wp\/v2\/posts\/35446\/revisions\/35468"}],"wp:featuredmedia":[{"embeddable":true,"href":"https:\/\/acontecenafronteira.com.br\/index.php\/wp-json\/wp\/v2\/media\/35469"}],"wp:attachment":[{"href":"https:\/\/acontecenafronteira.com.br\/index.php\/wp-json\/wp\/v2\/media?parent=35446"}],"wp:term":[{"taxonomy":"category","embeddable":true,"href":"https:\/\/acontecenafronteira.com.br\/index.php\/wp-json\/wp\/v2\/categories?post=35446"},{"taxonomy":"post_tag","embeddable":true,"href":"https:\/\/acontecenafronteira.com.br\/index.php\/wp-json\/wp\/v2\/tags?post=35446"}],"curies":[{"name":"wp","href":"https:\/\/api.w.org\/{rel}","templated":true}]}}