{"id":35445,"date":"2026-09-04T19:32:49","date_gmt":"2026-09-04T22:32:49","guid":{"rendered":"https:\/\/acontecenafronteira.com.br\/?p=35445"},"modified":"2026-09-04T19:32:49","modified_gmt":"2026-09-04T22:32:49","slug":"calcados-inadequados-lideram-atendimentos-medicos-no-rock-in-rio","status":"publish","type":"post","link":"https:\/\/acontecenafronteira.com.br\/index.php\/2026\/09\/04\/calcados-inadequados-lideram-atendimentos-medicos-no-rock-in-rio\/","title":{"rendered":"Cal\u00e7ados inadequados lideram atendimentos m\u00e9dicos no Rock in Rio"},"content":{"rendered":"<p>O primeiro dia do Rock in Rio 2026 foi marcado por uma superlota\u00e7\u00e3o nos postos de sa\u00fade da Cidade do Rock, tendo o <strong>desconforto nos p\u00e9s<\/strong> como o principal motivo para a busca de atendimento m\u00e9dico entre os milhares de f\u00e3s presentes no evento.<\/p>\n<h2>Calos e feridas nos p\u00e9s preocupam<\/h2>\n<p>Em meio \u00e0 maratona de shows e caminhadas extensas pelo festival, dezenas de visitantes precisaram de curativos devido a sapatos inadequados. Apenas em uma das unidades de sa\u00fade da organiza\u00e7\u00e3o, mais de 50 pessoas procuraram ajuda m\u00e9dica at\u00e9 o in\u00edcio da noite se queixando de feridas e bolhas.<\/p>\n<p>A orienta\u00e7\u00e3o dos profissionais de sa\u00fade nesses casos \u00e9 simples, mas exige pausa na divers\u00e3o: limpeza do local, curativo adequado e recomenda\u00e7\u00e3o de repouso antes de retornar aos palcos.<\/p>\n<h2>Desidrata\u00e7\u00e3o sob sol forte<\/h2>\n<h2>Altas temperaturas na Cidade do Rock<\/h2>\n<p>O calor intenso tamb\u00e9m castigou o p\u00fablico no primeiro dia de evento, com os term\u00f4metros registrando m\u00e1xima de 34\u00b0C, conforme dados do sistema meteorol\u00f3gico municipal. Logo atr\u00e1s dos problemas com cal\u00e7ados, a <strong>desidrata\u00e7\u00e3o<\/strong> figurou como a segunda maior causa de mal-estar.<\/p>\n<p>Muitos espectadores chegaram aos postos de atendimento apresentando sintomas associados \u00e0 exposi\u00e7\u00e3o prolongada ao sol, como fortes dores de cabe\u00e7a, n\u00e1useas e epis\u00f3dios de press\u00e3o alta. Os m\u00e9dicos refor\u00e7am a import\u00e2ncia de manter a ingest\u00e3o regular de l\u00edquidos para aproveitar a maratona musical com seguran\u00e7a.<\/p>\n<p>Por Reda\u00e7\u00e3o Acontece<\/p>\n<p>Cr\u00e9dito da imagem: Divulga\u00e7\u00e3o \/ Rock in Rio<\/p>\n","protected":false},"excerpt":{"rendered":"<p>O primeiro dia do Rock in Rio 2026 foi marcado por uma superlota\u00e7\u00e3o nos postos de sa\u00fade da Cidade do Rock, tendo o desconforto nos p\u00e9s como o principal motivo para a busca de atendimento m\u00e9dico entre os milhares de f\u00e3s presentes no evento. Calos e feridas nos p\u00e9s preocupam Em meio \u00e0 maratona de [&hellip;]<\/p>\n","protected":false},"author":2,"featured_media":35467,"comment_status":"open","ping_status":"open","sticky":false,"template":"","format":"standard","meta":{"footnotes":""},"categories":[28],"tags":[],"class_list":["post-35445","post","type-post","status-publish","format-standard","has-post-thumbnail","hentry","category-mundo"],"_links":{"self":[{"href":"https:\/\/acontecenafronteira.com.br\/index.php\/wp-json\/wp\/v2\/posts\/35445","targetHints":{"allow":["GET"]}}],"collection":[{"href":"https:\/\/acontecenafronteira.com.br\/index.php\/wp-json\/wp\/v2\/posts"}],"about":[{"href":"https:\/\/acontecenafronteira.com.br\/index.php\/wp-json\/wp\/v2\/types\/post"}],"author":[{"embeddable":true,"href":"https:\/\/acontecenafronteira.com.br\/index.php\/wp-json\/wp\/v2\/users\/2"}],"replies":[{"embeddable":true,"href":"https:\/\/acontecenafronteira.com.br\/index.php\/wp-json\/wp\/v2\/comments?post=35445"}],"version-history":[{"count":1,"href":"https:\/\/acontecenafronteira.com.br\/index.php\/wp-json\/wp\/v2\/posts\/35445\/revisions"}],"predecessor-version":[{"id":35466,"href":"https:\/\/acontecenafronteira.com.br\/index.php\/wp-json\/wp\/v2\/posts\/35445\/revisions\/35466"}],"wp:featuredmedia":[{"embeddable":true,"href":"https:\/\/acontecenafronteira.com.br\/index.php\/wp-json\/wp\/v2\/media\/35467"}],"wp:attachment":[{"href":"https:\/\/acontecenafronteira.com.br\/index.php\/wp-json\/wp\/v2\/media?parent=35445"}],"wp:term":[{"taxonomy":"category","embeddable":true,"href":"https:\/\/acontecenafronteira.com.br\/index.php\/wp-json\/wp\/v2\/categories?post=35445"},{"taxonomy":"post_tag","embeddable":true,"href":"https:\/\/acontecenafronteira.com.br\/index.php\/wp-json\/wp\/v2\/tags?post=35445"}],"curies":[{"name":"wp","href":"https:\/\/api.w.org\/{rel}","templated":true}]}}