{"id":35444,"date":"2026-09-04T19:32:43","date_gmt":"2026-09-04T22:32:43","guid":{"rendered":"https:\/\/acontecenafronteira.com.br\/?p=35444"},"modified":"2026-09-04T19:32:43","modified_gmt":"2026-09-04T22:32:43","slug":"parana-e-justica-condenacao-por-morte-infantil","status":"publish","type":"post","link":"https:\/\/acontecenafronteira.com.br\/index.php\/2026\/09\/04\/parana-e-justica-condenacao-por-morte-infantil\/","title":{"rendered":"Paran\u00e1 e Justi\u00e7a: Condena\u00e7\u00e3o por morte infantil"},"content":{"rendered":"<p>Um casal foi severamente condenado pela Justi\u00e7a ap\u00f3s investiga\u00e7\u00f5es revelarem um hist\u00f3rico brutal de viol\u00eancia dom\u00e9stica que resultou na morte de uma crian\u00e7a de apenas dois anos e em graves sess\u00f5es de tortura contra a irm\u00e3 dela, abrangendo meses de crueldade extrema.<\/p>\n<h2>Detalhes das investiga\u00e7\u00f5es do Minist\u00e9rio P\u00fablico<\/h2>\n<p>Conforme apontado pelas autoridades competentes, os abusos sistem\u00e1ticos ocorreram de maneira cont\u00ednua entre os meses de julho e novembro de 2022. As pequenas v\u00edtimas enfrentavam castigos desumanos que inclu\u00edam espancamentos com o uso de cordas e cintos, al\u00e9m de queimaduras graves que provocaram sofrimento f\u00edsico e psicol\u00f3gico profundo.<\/p>\n<h2>Senten\u00e7a aplicada pelo Tribunal do J\u00fari<\/h2>\n<p>A decis\u00e3o do Tribunal definiu que a m\u00e3e cumprir\u00e1 uma pena superior a 35 anos de reclus\u00e3o, enquanto o padrasto recebeu uma condena\u00e7\u00e3o pr\u00f3xima a 35 anos de pris\u00e3o. Ambos iniciar\u00e3o o cumprimento das respectivas penas em regime estritamente fechado, conforme determinou a Justi\u00e7a.<\/p>\n<p>As apura\u00e7\u00f5es comprovaram que a ca\u00e7ula faleceu no dia 6 de novembro de 2022 em decorr\u00eancia direta de um traumatismo craniano severo gerado por espancamento. O Conselho de Senten\u00e7a acatou integralmente as qualificadoras de motivo torpe, emprego de meio cruel e o fato de o crime ter sido perpetrado pelos pr\u00f3prios respons\u00e1veis legais.<\/p>\n<p>Este caso emblem\u00e1tico refor\u00e7a a necessidade urgente de vigil\u00e2ncia e den\u00fancia contra a viol\u00eancia infantil, mobilizando a sociedade e os \u00f3rg\u00e3os de prote\u00e7\u00e3o para garantir que crimes dessa magnitude recebam o rigor m\u00e1ximo da lei.<\/p>\n<p>Por Reda\u00e7\u00e3o Acontece<\/p>\n<p>Cr\u00e9ditos da imagem: Reprodu\u00e7\u00e3o<\/p>\n","protected":false},"excerpt":{"rendered":"<p>Um casal foi severamente condenado pela Justi\u00e7a ap\u00f3s investiga\u00e7\u00f5es revelarem um hist\u00f3rico brutal de viol\u00eancia dom\u00e9stica que resultou na morte de uma crian\u00e7a de apenas dois anos e em graves sess\u00f5es de tortura contra a irm\u00e3 dela, abrangendo meses de crueldade extrema. Detalhes das investiga\u00e7\u00f5es do Minist\u00e9rio P\u00fablico Conforme apontado pelas autoridades competentes, os abusos [&hellip;]<\/p>\n","protected":false},"author":2,"featured_media":35465,"comment_status":"open","ping_status":"open","sticky":false,"template":"","format":"standard","meta":{"footnotes":""},"categories":[28],"tags":[],"class_list":["post-35444","post","type-post","status-publish","format-standard","has-post-thumbnail","hentry","category-mundo"],"_links":{"self":[{"href":"https:\/\/acontecenafronteira.com.br\/index.php\/wp-json\/wp\/v2\/posts\/35444","targetHints":{"allow":["GET"]}}],"collection":[{"href":"https:\/\/acontecenafronteira.com.br\/index.php\/wp-json\/wp\/v2\/posts"}],"about":[{"href":"https:\/\/acontecenafronteira.com.br\/index.php\/wp-json\/wp\/v2\/types\/post"}],"author":[{"embeddable":true,"href":"https:\/\/acontecenafronteira.com.br\/index.php\/wp-json\/wp\/v2\/users\/2"}],"replies":[{"embeddable":true,"href":"https:\/\/acontecenafronteira.com.br\/index.php\/wp-json\/wp\/v2\/comments?post=35444"}],"version-history":[{"count":1,"href":"https:\/\/acontecenafronteira.com.br\/index.php\/wp-json\/wp\/v2\/posts\/35444\/revisions"}],"predecessor-version":[{"id":35464,"href":"https:\/\/acontecenafronteira.com.br\/index.php\/wp-json\/wp\/v2\/posts\/35444\/revisions\/35464"}],"wp:featuredmedia":[{"embeddable":true,"href":"https:\/\/acontecenafronteira.com.br\/index.php\/wp-json\/wp\/v2\/media\/35465"}],"wp:attachment":[{"href":"https:\/\/acontecenafronteira.com.br\/index.php\/wp-json\/wp\/v2\/media?parent=35444"}],"wp:term":[{"taxonomy":"category","embeddable":true,"href":"https:\/\/acontecenafronteira.com.br\/index.php\/wp-json\/wp\/v2\/categories?post=35444"},{"taxonomy":"post_tag","embeddable":true,"href":"https:\/\/acontecenafronteira.com.br\/index.php\/wp-json\/wp\/v2\/tags?post=35444"}],"curies":[{"name":"wp","href":"https:\/\/api.w.org\/{rel}","templated":true}]}}