{"id":35411,"date":"2026-09-04T19:28:31","date_gmt":"2026-09-04T22:28:31","guid":{"rendered":"https:\/\/acontecenafronteira.com.br\/?p=35411"},"modified":"2026-09-04T19:28:31","modified_gmt":"2026-09-04T22:28:31","slug":"ex-mulher-de-giovani-defende-cantor-e-nega-relacao-doentia","status":"publish","type":"post","link":"https:\/\/acontecenafronteira.com.br\/index.php\/2026\/09\/04\/ex-mulher-de-giovani-defende-cantor-e-nega-relacao-doentia\/","title":{"rendered":"Ex-mulher de Giovani defende cantor e nega rela\u00e7\u00e3o doentia"},"content":{"rendered":"<p>A influenciadora Anna Carolina Morais, de 43 anos, utilizou suas plataformas digitais para se manifestar publicamente contra boatos recentes envolvendo o t\u00e9rmino de seu casamento com o <b>cantor sertanejo Giovani<\/b>, que faz dupla com Gian.<\/p>\n<h2>Defesa do ex-marido e rep\u00fadio a mentiras<\/h2>\n<p>Em uma postagem realizada em seus stories, a criadora de conte\u00fado afirmou que o antigo casal tem sido alvo de inverdades e pediu o fim dos ataques direcionados a eles. Segundo ela, as acusa\u00e7\u00f5es de que teriam vivido uma rela\u00e7\u00e3o abusiva s\u00e3o totalmente falsas e conhecidas por pessoas pr\u00f3ximas.<\/p>\n<p>A uni\u00e3o de 26 anos chegou ao fim ap\u00f3s epis\u00f3dios recentes, mas a influenciadora fez quest\u00e3o de ressaltar que a conviv\u00eancia foi pautada pelo respeito e por um <b>amor puro e genu\u00edno<\/b> at\u00e9 o \u00faltimo momento.<\/p>\n<h2>Repercuss\u00e3o e posicionamento da nova companheira<\/h2>\n<p>Enquanto o processo de div\u00f3rcio segue de forma reservada, a atual companheira do artista, Fl\u00e1via Correia, tamb\u00e9m utilizou as redes sociais para compartilhar mensagens reflexivas sobre maturidade e a import\u00e2ncia de conex\u00f5es que promovam a seguran\u00e7a e a cura emocional.<\/p>\n<p>O caso segue gerando grande repercuss\u00e3o entre os f\u00e3s do meio sertanejo, enquanto os envolvidos buscam preservar a privacidade neste momento de transi\u00e7\u00e3o.<\/p>\n<p>Por Reda\u00e7\u00e3o Acontece<\/p>\n<p>Reprodu\u00e7\u00e3o\/Redes sociais<\/p>\n","protected":false},"excerpt":{"rendered":"<p>A influenciadora Anna Carolina Morais, de 43 anos, utilizou suas plataformas digitais para se manifestar publicamente contra boatos recentes envolvendo o t\u00e9rmino de seu casamento com o cantor sertanejo Giovani, que faz dupla com Gian. Defesa do ex-marido e rep\u00fadio a mentiras Em uma postagem realizada em seus stories, a criadora de conte\u00fado afirmou que [&hellip;]<\/p>\n","protected":false},"author":2,"featured_media":35443,"comment_status":"open","ping_status":"open","sticky":false,"template":"","format":"standard","meta":{"footnotes":""},"categories":[6],"tags":[],"class_list":["post-35411","post","type-post","status-publish","format-standard","has-post-thumbnail","hentry","category-mercosul"],"_links":{"self":[{"href":"https:\/\/acontecenafronteira.com.br\/index.php\/wp-json\/wp\/v2\/posts\/35411","targetHints":{"allow":["GET"]}}],"collection":[{"href":"https:\/\/acontecenafronteira.com.br\/index.php\/wp-json\/wp\/v2\/posts"}],"about":[{"href":"https:\/\/acontecenafronteira.com.br\/index.php\/wp-json\/wp\/v2\/types\/post"}],"author":[{"embeddable":true,"href":"https:\/\/acontecenafronteira.com.br\/index.php\/wp-json\/wp\/v2\/users\/2"}],"replies":[{"embeddable":true,"href":"https:\/\/acontecenafronteira.com.br\/index.php\/wp-json\/wp\/v2\/comments?post=35411"}],"version-history":[{"count":1,"href":"https:\/\/acontecenafronteira.com.br\/index.php\/wp-json\/wp\/v2\/posts\/35411\/revisions"}],"predecessor-version":[{"id":35442,"href":"https:\/\/acontecenafronteira.com.br\/index.php\/wp-json\/wp\/v2\/posts\/35411\/revisions\/35442"}],"wp:featuredmedia":[{"embeddable":true,"href":"https:\/\/acontecenafronteira.com.br\/index.php\/wp-json\/wp\/v2\/media\/35443"}],"wp:attachment":[{"href":"https:\/\/acontecenafronteira.com.br\/index.php\/wp-json\/wp\/v2\/media?parent=35411"}],"wp:term":[{"taxonomy":"category","embeddable":true,"href":"https:\/\/acontecenafronteira.com.br\/index.php\/wp-json\/wp\/v2\/categories?post=35411"},{"taxonomy":"post_tag","embeddable":true,"href":"https:\/\/acontecenafronteira.com.br\/index.php\/wp-json\/wp\/v2\/tags?post=35411"}],"curies":[{"name":"wp","href":"https:\/\/api.w.org\/{rel}","templated":true}]}}