{"id":35410,"date":"2026-09-04T19:28:26","date_gmt":"2026-09-04T22:28:26","guid":{"rendered":"https:\/\/acontecenafronteira.com.br\/?p=35410"},"modified":"2026-09-04T19:28:26","modified_gmt":"2026-09-04T22:28:26","slug":"pesquisa-atlas-mostra-cenarios-para-o-governo-do-amazonas","status":"publish","type":"post","link":"https:\/\/acontecenafronteira.com.br\/index.php\/2026\/09\/04\/pesquisa-atlas-mostra-cenarios-para-o-governo-do-amazonas\/","title":{"rendered":"Pesquisa Atlas mostra cen\u00e1rios para o governo do Amazonas"},"content":{"rendered":"<p>Um levantamento divulgado pela Atlas\/Intel revelou o panorama atual da corrida eleitoral pelo governo do Amazonas, apontando vantagem para a professora Maria do Carmo em eventuais disputas de segundo turno, embora o cen\u00e1rio inicial mostre outras lideran\u00e7as \u00e0 frente nas inten\u00e7\u00f5es de voto gerais.<\/p>\n<h2>Cen\u00e1rio de primeiro turno no estado<\/h2>\n<p>Na primeira etapa da pesquisa, que simulou o voto para o governo estadual, o senador Omar Aziz (PSD) apareceu na lideran\u00e7a com 31% da prefer\u00eancia dos eleitores. Logo em seguida, a professora Maria do Carmo (PL) registrou 27,4% das inten\u00e7\u00f5es de voto.<\/p>\n<p>A disputa tamb\u00e9m contabilizou outros nomes na corrida pelo Executivo estadual. Roberto Cidade (Uni\u00e3o Brasil) marcou 18,8%, enquanto David Almeida (Avante) alcan\u00e7ou 8,7%. Completam a lista Cabo Daciolo (Mobiliza) com 6,3%, Isael Munduruku (Rede) com 1,2% e Gilberto Vasconcelos (PSTU) com 0,1%. Eleitores que pretendem votar em branco ou nulo somam 2,5%, e os indecisos representam 3,9%.<\/p>\n<h2>Disputas simuladas para o segundo turno<\/h2>\n<p>O instituto tamb\u00e9m testou tr\u00eas cen\u00e1rios diferentes para um poss\u00edvel segundo turno, considerando os votos v\u00e1lidos. No confronto direto entre Maria do Carmo e Omar Aziz, a candidata do PL lidera com 53,3%, enquanto o senador do PSD pontua 46,7%.<\/p>\n<p>Em uma eventual disputa contra Roberto Cidade, Maria do Carmo atinge 52,7% contra 47,3% do advers\u00e1rio. J\u00e1 no cen\u00e1rio que coloca a professora frente a frente com David Almeida, a vantagem \u00e9 ainda maior, com 64,9% para a candidata do PL e 35,1% para o representante do Avante.<\/p>\n<h2>Metodologia do levantamento eleitoral<\/h2>\n<p>A coleta de dados foi realizada por meio de recrutamento digital aleat\u00f3rio, ouvindo 1.185 eleitores no estado do Amazonas. O per\u00edodo de entrevistas aconteceu entre os dias 29 de agosto e 3 de setembro.<\/p>\n<p>O estudo possui margem de erro estimada em 3 pontos percentuais para mais ou para menos, com um n\u00edvel de confian\u00e7a de 95%. A pesquisa est\u00e1 devidamente registrada na Justi\u00e7a Eleitoral sob os n\u00fameros de protocolo AM-04939\/2026 e BR-01799\/2026 no Tribunal Superior Eleitoral (TSE).<\/p>\n<p>Por Reda\u00e7\u00e3o Acontece<\/p>\n<p>Foto: Divulga\u00e7\u00e3o \/ AtlasIntel<\/p>\n","protected":false},"excerpt":{"rendered":"<p>Um levantamento divulgado pela Atlas\/Intel revelou o panorama atual da corrida eleitoral pelo governo do Amazonas, apontando vantagem para a professora Maria do Carmo em eventuais disputas de segundo turno, embora o cen\u00e1rio inicial mostre outras lideran\u00e7as \u00e0 frente nas inten\u00e7\u00f5es de voto gerais. Cen\u00e1rio de primeiro turno no estado Na primeira etapa da pesquisa, [&hellip;]<\/p>\n","protected":false},"author":2,"featured_media":35441,"comment_status":"open","ping_status":"open","sticky":false,"template":"","format":"standard","meta":{"footnotes":""},"categories":[6],"tags":[],"class_list":["post-35410","post","type-post","status-publish","format-standard","has-post-thumbnail","hentry","category-mercosul"],"_links":{"self":[{"href":"https:\/\/acontecenafronteira.com.br\/index.php\/wp-json\/wp\/v2\/posts\/35410","targetHints":{"allow":["GET"]}}],"collection":[{"href":"https:\/\/acontecenafronteira.com.br\/index.php\/wp-json\/wp\/v2\/posts"}],"about":[{"href":"https:\/\/acontecenafronteira.com.br\/index.php\/wp-json\/wp\/v2\/types\/post"}],"author":[{"embeddable":true,"href":"https:\/\/acontecenafronteira.com.br\/index.php\/wp-json\/wp\/v2\/users\/2"}],"replies":[{"embeddable":true,"href":"https:\/\/acontecenafronteira.com.br\/index.php\/wp-json\/wp\/v2\/comments?post=35410"}],"version-history":[{"count":1,"href":"https:\/\/acontecenafronteira.com.br\/index.php\/wp-json\/wp\/v2\/posts\/35410\/revisions"}],"predecessor-version":[{"id":35440,"href":"https:\/\/acontecenafronteira.com.br\/index.php\/wp-json\/wp\/v2\/posts\/35410\/revisions\/35440"}],"wp:featuredmedia":[{"embeddable":true,"href":"https:\/\/acontecenafronteira.com.br\/index.php\/wp-json\/wp\/v2\/media\/35441"}],"wp:attachment":[{"href":"https:\/\/acontecenafronteira.com.br\/index.php\/wp-json\/wp\/v2\/media?parent=35410"}],"wp:term":[{"taxonomy":"category","embeddable":true,"href":"https:\/\/acontecenafronteira.com.br\/index.php\/wp-json\/wp\/v2\/categories?post=35410"},{"taxonomy":"post_tag","embeddable":true,"href":"https:\/\/acontecenafronteira.com.br\/index.php\/wp-json\/wp\/v2\/tags?post=35410"}],"curies":[{"name":"wp","href":"https:\/\/api.w.org\/{rel}","templated":true}]}}