{"id":35408,"date":"2026-09-04T19:27:50","date_gmt":"2026-09-04T22:27:50","guid":{"rendered":"https:\/\/acontecenafronteira.com.br\/?p=35408"},"modified":"2026-09-04T19:27:50","modified_gmt":"2026-09-04T22:27:50","slug":"apexbrasil-lanca-plano-de-r-210-milhoes-para-exportacoes","status":"publish","type":"post","link":"https:\/\/acontecenafronteira.com.br\/index.php\/2026\/09\/04\/apexbrasil-lanca-plano-de-r-210-milhoes-para-exportacoes\/","title":{"rendered":"ApexBrasil lan\u00e7a plano de R$ 210 milh\u00f5es para exporta\u00e7\u00f5es"},"content":{"rendered":"<p>Diante das recentes mudan\u00e7as nas tarifas de importa\u00e7\u00e3o impostas pelos Estados Unidos, a Ag\u00eancia Brasileira de Promo\u00e7\u00e3o de Exporta\u00e7\u00f5es e Investimentos (ApexBrasil) lan\u00e7ou o Plano de Diversifica\u00e7\u00e3o de Exporta\u00e7\u00f5es, injetando R$ 210 milh\u00f5es para estimular empresas nacionais a ampliarem seus destinos comerciais e reduzirem a depend\u00eancia de um \u00fanico polo.<\/p>\n<h2>Estrat\u00e9gia e setores contemplados<\/h2>\n<p>O montante milion\u00e1rio \u00e9 voltado para identificar novos mercados, compradores e oportunidades de neg\u00f3cios em 35 setores estrat\u00e9gicos, abrangendo segmentos como alimentos e bebidas, cal\u00e7ados e couro, frutas, m\u00e1quinas, madeira e ind\u00fastrias de transforma\u00e7\u00e3o.<\/p>\n<p>No total, 5.300 companhias ser\u00e3o assistidas por mais de 300 a\u00e7\u00f5es desenvolvidas em parceria com entidades setoriais. Al\u00e9m disso, a ag\u00eancia oferecer\u00e1 atendimento individualizado direto para at\u00e9 4.700 empresas, disponibilizando isen\u00e7\u00e3o de taxas de participa\u00e7\u00e3o em feiras, reuni\u00f5es de neg\u00f3cios e conex\u00f5es comerciais internacionais.<\/p>\n<h2>Modalidades de apoio e novos destinos<\/h2>\n<p>O suporte abrange consultoria especializada gratuita para atua\u00e7\u00e3o em mercados in\u00e9ditos e acesso ao programa Bolsa Exporta\u00e7\u00e3o, que prev\u00ea aux\u00edlio financeiro direto ao longo de 12 meses. Segundo a diretoria de Neg\u00f3cios da institui\u00e7\u00e3o, foram mapeados 36 mercados priorit\u00e1rios, incluindo Canad\u00e1, M\u00e9xico, Alemanha, Turquia, al\u00e9m de na\u00e7\u00f5es africanas e asi\u00e1ticas como China, \u00cdndia e Indon\u00e9sia.<\/p>\n<p>O plano tamb\u00e9m mira as oportunidades trazidas pelo Acordo Mercosul-Uni\u00e3o Europeia, assinado recentemente. Os desafios para essa expans\u00e3o envolvem desde a adapta\u00e7\u00e3o de produtos e certifica\u00e7\u00f5es sanit\u00e1rias at\u00e9 a mitiga\u00e7\u00e3o de riscos de inadimpl\u00eancia, exigindo planejamento rigoroso e intelig\u00eancia de mercado por parte dos exportadores.<\/p>\n<h2>Resultados e como se inscrever<\/h2>\n<p>Os reflexos da diversifica\u00e7\u00e3o j\u00e1 aparecem nos dados recentes do com\u00e9rcio exterior. No primeiro semestre, o pa\u00eds exportou cerca de US$ 220 bilh\u00f5es. Apesar da queda de US$ 2,9 bilh\u00f5es nas vendas para os EUA, houve altas expressivas em outros destinos, como Europa (+US$ 3,1 bilh\u00f5es), \u00cdndia (+US$ 2,7 bilh\u00f5es) e China (+US$ 11,3 bilh\u00f5es).<\/p>\n<p>As inscri\u00e7\u00f5es para o programa j\u00e1 est\u00e3o abertas e podem ser realizadas diretamente na p\u00e1gina oficial da ag\u00eancia ou por meio das 29 entidades setoriais parceiras. Os interessados devem comprovar o impacto das tarifas norte-americanas, informar o c\u00f3digo SH do item e especificar suas demandas de suporte internacional.<\/p>\n<p>Por Reda\u00e7\u00e3o Acontece<\/p>\n<p>AconteceIA<\/p>\n","protected":false},"excerpt":{"rendered":"<p>Diante das recentes mudan\u00e7as nas tarifas de importa\u00e7\u00e3o impostas pelos Estados Unidos, a Ag\u00eancia Brasileira de Promo\u00e7\u00e3o de Exporta\u00e7\u00f5es e Investimentos (ApexBrasil) lan\u00e7ou o Plano de Diversifica\u00e7\u00e3o de Exporta\u00e7\u00f5es, injetando R$ 210 milh\u00f5es para estimular empresas nacionais a ampliarem seus destinos comerciais e reduzirem a depend\u00eancia de um \u00fanico polo. Estrat\u00e9gia e setores contemplados O [&hellip;]<\/p>\n","protected":false},"author":2,"featured_media":35437,"comment_status":"open","ping_status":"open","sticky":false,"template":"","format":"standard","meta":{"footnotes":""},"categories":[6],"tags":[],"class_list":["post-35408","post","type-post","status-publish","format-standard","has-post-thumbnail","hentry","category-mercosul"],"_links":{"self":[{"href":"https:\/\/acontecenafronteira.com.br\/index.php\/wp-json\/wp\/v2\/posts\/35408","targetHints":{"allow":["GET"]}}],"collection":[{"href":"https:\/\/acontecenafronteira.com.br\/index.php\/wp-json\/wp\/v2\/posts"}],"about":[{"href":"https:\/\/acontecenafronteira.com.br\/index.php\/wp-json\/wp\/v2\/types\/post"}],"author":[{"embeddable":true,"href":"https:\/\/acontecenafronteira.com.br\/index.php\/wp-json\/wp\/v2\/users\/2"}],"replies":[{"embeddable":true,"href":"https:\/\/acontecenafronteira.com.br\/index.php\/wp-json\/wp\/v2\/comments?post=35408"}],"version-history":[{"count":1,"href":"https:\/\/acontecenafronteira.com.br\/index.php\/wp-json\/wp\/v2\/posts\/35408\/revisions"}],"predecessor-version":[{"id":35436,"href":"https:\/\/acontecenafronteira.com.br\/index.php\/wp-json\/wp\/v2\/posts\/35408\/revisions\/35436"}],"wp:featuredmedia":[{"embeddable":true,"href":"https:\/\/acontecenafronteira.com.br\/index.php\/wp-json\/wp\/v2\/media\/35437"}],"wp:attachment":[{"href":"https:\/\/acontecenafronteira.com.br\/index.php\/wp-json\/wp\/v2\/media?parent=35408"}],"wp:term":[{"taxonomy":"category","embeddable":true,"href":"https:\/\/acontecenafronteira.com.br\/index.php\/wp-json\/wp\/v2\/categories?post=35408"},{"taxonomy":"post_tag","embeddable":true,"href":"https:\/\/acontecenafronteira.com.br\/index.php\/wp-json\/wp\/v2\/tags?post=35408"}],"curies":[{"name":"wp","href":"https:\/\/api.w.org\/{rel}","templated":true}]}}