{"id":35407,"date":"2026-09-04T19:27:31","date_gmt":"2026-09-04T22:27:31","guid":{"rendered":"https:\/\/acontecenafronteira.com.br\/?p=35407"},"modified":"2026-09-04T19:27:31","modified_gmt":"2026-09-04T22:27:31","slug":"cintia-dicker-nega-processo-de-pensao-contra-pedro-scooby","status":"publish","type":"post","link":"https:\/\/acontecenafronteira.com.br\/index.php\/2026\/09\/04\/cintia-dicker-nega-processo-de-pensao-contra-pedro-scooby\/","title":{"rendered":"C\u00edntia Dicker nega processo de pens\u00e3o contra Pedro Scooby"},"content":{"rendered":"<p>A modelo <b>C\u00edntia Dicker<\/b> utilizou suas redes sociais nesta sexta-feira para desmentir veementemente os boatos de que teria recorrido \u00e0 Justi\u00e7a da Fam\u00edlia para exigir o pagamento de pens\u00e3o aliment\u00edcia destinada \u00e0 filha do casal, Aurora, de 3 anos. A separa\u00e7\u00e3o entre a famosa e o surfista ocorreu h\u00e1 cerca de dois meses, pegando muitos seguidores de surpresa.<\/p>\n<h2>Esclarecimento nas redes sociais<\/h2>\n<p>Atrav\u00e9s de uma sequ\u00eancia de v\u00eddeos publicados nos stories de seu perfil oficial no Instagram, a modelo fez quest\u00e3o de enfatizar que mant\u00e9m uma rela\u00e7\u00e3o de amizade com o atleta. Segundo ela, os dois conversaram e definiram consensualmente todos os detalhes referentes \u00e0 cria\u00e7\u00e3o da herdeira, sem qualquer tipo de impasse jur\u00eddico.<\/p>\n<p>&#8220;Eu detesto vir falar da minha vida pessoal, mas a partir do momento que come\u00e7am a mentir sobre a minha pessoa, eu n\u00e3o gosto&#8221;, declarou a famosa durante o desabafo virtual, refor\u00e7ando que os relatos sobre cobran\u00e7as judiciais s\u00e3o completamente infundados.<\/p>\n<h2>Origem dos boatos e hist\u00f3rico do casal<\/h2>\n<p>Os boatos sobre a suposta cobran\u00e7a de despesas com alimenta\u00e7\u00e3o, educa\u00e7\u00e3o e supermercado haviam sido veiculados inicialmente pelo colunista Ancelmo Gois, do jornal O Globo, que apontava um processo em curso na comarca onde a fam\u00edlia reside, em Cascais, Portugal.<\/p>\n<p>O relacionamento entre os dois teve in\u00edcio no final de 2019, culminando em um casamento oficializado em terras portuguesas no ano de 2021. Apesar do recente t\u00e9rmino, o ex-casal tem demonstrado maturidade, priorizando o bem-estar da filha e mantendo uma conviv\u00eancia pac\u00edfica diante dos olhos do p\u00fablico.<\/p>\n<p>Por Reda\u00e7\u00e3o Acontece<\/p>\n<p>Imagem: Reprodu\u00e7\u00e3o \/ Instagram<\/p>\n","protected":false},"excerpt":{"rendered":"<p>A modelo C\u00edntia Dicker utilizou suas redes sociais nesta sexta-feira para desmentir veementemente os boatos de que teria recorrido \u00e0 Justi\u00e7a da Fam\u00edlia para exigir o pagamento de pens\u00e3o aliment\u00edcia destinada \u00e0 filha do casal, Aurora, de 3 anos. A separa\u00e7\u00e3o entre a famosa e o surfista ocorreu h\u00e1 cerca de dois meses, pegando muitos [&hellip;]<\/p>\n","protected":false},"author":2,"featured_media":35435,"comment_status":"open","ping_status":"open","sticky":false,"template":"","format":"standard","meta":{"footnotes":""},"categories":[6],"tags":[],"class_list":["post-35407","post","type-post","status-publish","format-standard","has-post-thumbnail","hentry","category-mercosul"],"_links":{"self":[{"href":"https:\/\/acontecenafronteira.com.br\/index.php\/wp-json\/wp\/v2\/posts\/35407","targetHints":{"allow":["GET"]}}],"collection":[{"href":"https:\/\/acontecenafronteira.com.br\/index.php\/wp-json\/wp\/v2\/posts"}],"about":[{"href":"https:\/\/acontecenafronteira.com.br\/index.php\/wp-json\/wp\/v2\/types\/post"}],"author":[{"embeddable":true,"href":"https:\/\/acontecenafronteira.com.br\/index.php\/wp-json\/wp\/v2\/users\/2"}],"replies":[{"embeddable":true,"href":"https:\/\/acontecenafronteira.com.br\/index.php\/wp-json\/wp\/v2\/comments?post=35407"}],"version-history":[{"count":1,"href":"https:\/\/acontecenafronteira.com.br\/index.php\/wp-json\/wp\/v2\/posts\/35407\/revisions"}],"predecessor-version":[{"id":35434,"href":"https:\/\/acontecenafronteira.com.br\/index.php\/wp-json\/wp\/v2\/posts\/35407\/revisions\/35434"}],"wp:featuredmedia":[{"embeddable":true,"href":"https:\/\/acontecenafronteira.com.br\/index.php\/wp-json\/wp\/v2\/media\/35435"}],"wp:attachment":[{"href":"https:\/\/acontecenafronteira.com.br\/index.php\/wp-json\/wp\/v2\/media?parent=35407"}],"wp:term":[{"taxonomy":"category","embeddable":true,"href":"https:\/\/acontecenafronteira.com.br\/index.php\/wp-json\/wp\/v2\/categories?post=35407"},{"taxonomy":"post_tag","embeddable":true,"href":"https:\/\/acontecenafronteira.com.br\/index.php\/wp-json\/wp\/v2\/tags?post=35407"}],"curies":[{"name":"wp","href":"https:\/\/api.w.org\/{rel}","templated":true}]}}