{"id":35405,"date":"2026-09-04T19:27:05","date_gmt":"2026-09-04T22:27:05","guid":{"rendered":"https:\/\/acontecenafronteira.com.br\/?p=35405"},"modified":"2026-09-04T19:27:05","modified_gmt":"2026-09-04T22:27:05","slug":"ana-hickmann-faz-procedimento-estetico-antes-de-casamento","status":"publish","type":"post","link":"https:\/\/acontecenafronteira.com.br\/index.php\/2026\/09\/04\/ana-hickmann-faz-procedimento-estetico-antes-de-casamento\/","title":{"rendered":"Ana Hickmann faz procedimento est\u00e9tico antes de casamento"},"content":{"rendered":"<p>A famosa apresentadora <b>Ana Hickmann<\/b> passou por um procedimento est\u00e9tico no rosto para garantir maior sustenta\u00e7\u00e3o \u00e0 pele antes de oficializar a uni\u00e3o com o chef <b>Edu Guedes<\/b>.<\/p>\n<h2>Detalhes do tratamento est\u00e9tico<\/h2>\n<p>O casal se prepara para a cerim\u00f4nia religiosa marcada para o dia 12 de setembro, que ocorrer\u00e1 na Fazenda Casa Gialla, propriedade centen\u00e1ria localizada em Araras, no interior de S\u00e3o Paulo.<\/p>\n<h3>Tecnologia utilizada<\/h3>\n<p>Al\u00e9m da contratada da Record, a m\u00e3e de Edu Guedes, Leila Sanches Pega, tamb\u00e9m realizou o mesmo protocolo est\u00e9tico. O m\u00e9todo escolhido \u00e9 conhecido como XERF e emprega radiofrequ\u00eancia monopolar multifrequencial para atuar na remodela\u00e7\u00e3o de col\u00e1geno, sustenta\u00e7\u00e3o e defini\u00e7\u00e3o dos contornos do rosto.<\/p>\n<p>Ana Hickmann comentou sobre a experi\u00eancia durante a aplica\u00e7\u00e3o e destacou que o processo \u00e9 bastante confort\u00e1vel, gerando apenas um leve aquecimento que \u00e9 rapidamente neutralizado por uma ponteira gelada.<\/p>\n<h2>A cerim\u00f4nia de casamento<\/h2>\n<p>A celebra\u00e7\u00e3o religiosa ser\u00e1 intimista e contar\u00e1 com aproximadamente 150 convidados, tendo o altar montado sob uma figueira centen\u00e1ria. A festa ter\u00e1 shows da banda internacional Double You e do DJ Cesar Damasceno.<\/p>\n<p>Os convidados receber\u00e3o mimos especiais, como repelentes para a regi\u00e3o de mata, leques, chinelos personalizados e um vinho exclusivo do casal batizado de Ch\u00e2teau Eclipse Noir. Vale lembrar que os dois j\u00e1 haviam oficializado o matrim\u00f4nio no civil anteriormente.<\/p>\n<p>Por Reda\u00e7\u00e3o Acontece<\/p>\n<p>Reprodu\u00e7\u00e3o\/Redes sociais<\/p>\n","protected":false},"excerpt":{"rendered":"<p>A famosa apresentadora Ana Hickmann passou por um procedimento est\u00e9tico no rosto para garantir maior sustenta\u00e7\u00e3o \u00e0 pele antes de oficializar a uni\u00e3o com o chef Edu Guedes. Detalhes do tratamento est\u00e9tico O casal se prepara para a cerim\u00f4nia religiosa marcada para o dia 12 de setembro, que ocorrer\u00e1 na Fazenda Casa Gialla, propriedade centen\u00e1ria [&hellip;]<\/p>\n","protected":false},"author":2,"featured_media":35431,"comment_status":"open","ping_status":"open","sticky":false,"template":"","format":"standard","meta":{"footnotes":""},"categories":[6],"tags":[],"class_list":["post-35405","post","type-post","status-publish","format-standard","has-post-thumbnail","hentry","category-mercosul"],"_links":{"self":[{"href":"https:\/\/acontecenafronteira.com.br\/index.php\/wp-json\/wp\/v2\/posts\/35405","targetHints":{"allow":["GET"]}}],"collection":[{"href":"https:\/\/acontecenafronteira.com.br\/index.php\/wp-json\/wp\/v2\/posts"}],"about":[{"href":"https:\/\/acontecenafronteira.com.br\/index.php\/wp-json\/wp\/v2\/types\/post"}],"author":[{"embeddable":true,"href":"https:\/\/acontecenafronteira.com.br\/index.php\/wp-json\/wp\/v2\/users\/2"}],"replies":[{"embeddable":true,"href":"https:\/\/acontecenafronteira.com.br\/index.php\/wp-json\/wp\/v2\/comments?post=35405"}],"version-history":[{"count":1,"href":"https:\/\/acontecenafronteira.com.br\/index.php\/wp-json\/wp\/v2\/posts\/35405\/revisions"}],"predecessor-version":[{"id":35430,"href":"https:\/\/acontecenafronteira.com.br\/index.php\/wp-json\/wp\/v2\/posts\/35405\/revisions\/35430"}],"wp:featuredmedia":[{"embeddable":true,"href":"https:\/\/acontecenafronteira.com.br\/index.php\/wp-json\/wp\/v2\/media\/35431"}],"wp:attachment":[{"href":"https:\/\/acontecenafronteira.com.br\/index.php\/wp-json\/wp\/v2\/media?parent=35405"}],"wp:term":[{"taxonomy":"category","embeddable":true,"href":"https:\/\/acontecenafronteira.com.br\/index.php\/wp-json\/wp\/v2\/categories?post=35405"},{"taxonomy":"post_tag","embeddable":true,"href":"https:\/\/acontecenafronteira.com.br\/index.php\/wp-json\/wp\/v2\/tags?post=35405"}],"curies":[{"name":"wp","href":"https:\/\/api.w.org\/{rel}","templated":true}]}}