{"id":35404,"date":"2026-09-04T19:27:01","date_gmt":"2026-09-04T22:27:01","guid":{"rendered":"https:\/\/acontecenafronteira.com.br\/?p=35404"},"modified":"2026-09-04T19:27:01","modified_gmt":"2026-09-04T22:27:01","slug":"trump-quer-exigir-rotulo-de-origem-em-carne-importada-nos-eua","status":"publish","type":"post","link":"https:\/\/acontecenafronteira.com.br\/index.php\/2026\/09\/04\/trump-quer-exigir-rotulo-de-origem-em-carne-importada-nos-eua\/","title":{"rendered":"Trump quer exigir r\u00f3tulo de origem em carne importada nos EUA"},"content":{"rendered":"<p>O governo dos Estados Unidos deu o primeiro passo para avaliar a obrigatoriedade de identificar o pa\u00eds de origem em produtos de carne bovina comercializados no mercado norte-americano. A determina\u00e7\u00e3o foi assinada pelo presidente Donald Trump e integra um esfor\u00e7o mais amplo para blindar e fortalecer a pecu\u00e1ria nacional diante de desafios econ\u00f4micos e estruturais.<\/p>\n<h2>An\u00e1lise de impacto e prazos<\/h2>\n<p>\nPelas diretrizes estabelecidas, o Departamento de Agricultura norte-americano tem o prazo de noventa dias para mapear as bases legais e regulat\u00f3rias que viabilizariam a exig\u00eancia do selo de origem. O secret\u00e1rio da pasta, em conjunto com assessores econ\u00f4micos e comerciais, precisar\u00e1 mensurar os reflexos financeiros de uma eventual rotulagem compuls\u00f3ria no cen\u00e1rio mercadol\u00f3gico atual.<\/p>\n<h2>Cen\u00e1rio de escassez e alta nos pre\u00e7os<\/h2>\n<p>\nA movimenta\u00e7\u00e3o governamental ocorre em um momento de forte press\u00e3o sobre o custo da prote\u00edna vermelha no pa\u00eds. O rebanho bovino nacional atingiu seu patamar mais baixo em setenta e cinco anos, ao mesmo tempo em que a procura dos consumidores disparou quase dez por cento na \u00faltima d\u00e9cada, gerando infla\u00e7\u00e3o expressiva no setor aliment\u00edcio.<\/p>\n<p>Como reflexo dessa conjuntura, o pre\u00e7o da carne mo\u00edda sofreu disparada expressiva nos \u00faltimos anos, acumulando alta expressiva desde o in\u00edcio de 2019 e encarecendo a alimenta\u00e7\u00e3o das fam\u00edlias norte-americanas. Com a produ\u00e7\u00e3o interna reduzida, a depend\u00eancia em rela\u00e7\u00e3o aos itens importados aumentou consideravelmente, obrigando o Executivo a adotar estrat\u00e9gias para equilibrar o abastecimento e conter o avan\u00e7o inflacion\u00e1rio.<\/p>\n<p>Por Reda\u00e7\u00e3o Acontece<\/p>\n<p>Alex Brandon-Pool\/Getty Images<\/p>\n","protected":false},"excerpt":{"rendered":"<p>O governo dos Estados Unidos deu o primeiro passo para avaliar a obrigatoriedade de identificar o pa\u00eds de origem em produtos de carne bovina comercializados no mercado norte-americano. A determina\u00e7\u00e3o foi assinada pelo presidente Donald Trump e integra um esfor\u00e7o mais amplo para blindar e fortalecer a pecu\u00e1ria nacional diante de desafios econ\u00f4micos e estruturais. [&hellip;]<\/p>\n","protected":false},"author":2,"featured_media":35429,"comment_status":"open","ping_status":"open","sticky":false,"template":"","format":"standard","meta":{"footnotes":""},"categories":[6],"tags":[],"class_list":["post-35404","post","type-post","status-publish","format-standard","has-post-thumbnail","hentry","category-mercosul"],"_links":{"self":[{"href":"https:\/\/acontecenafronteira.com.br\/index.php\/wp-json\/wp\/v2\/posts\/35404","targetHints":{"allow":["GET"]}}],"collection":[{"href":"https:\/\/acontecenafronteira.com.br\/index.php\/wp-json\/wp\/v2\/posts"}],"about":[{"href":"https:\/\/acontecenafronteira.com.br\/index.php\/wp-json\/wp\/v2\/types\/post"}],"author":[{"embeddable":true,"href":"https:\/\/acontecenafronteira.com.br\/index.php\/wp-json\/wp\/v2\/users\/2"}],"replies":[{"embeddable":true,"href":"https:\/\/acontecenafronteira.com.br\/index.php\/wp-json\/wp\/v2\/comments?post=35404"}],"version-history":[{"count":1,"href":"https:\/\/acontecenafronteira.com.br\/index.php\/wp-json\/wp\/v2\/posts\/35404\/revisions"}],"predecessor-version":[{"id":35428,"href":"https:\/\/acontecenafronteira.com.br\/index.php\/wp-json\/wp\/v2\/posts\/35404\/revisions\/35428"}],"wp:featuredmedia":[{"embeddable":true,"href":"https:\/\/acontecenafronteira.com.br\/index.php\/wp-json\/wp\/v2\/media\/35429"}],"wp:attachment":[{"href":"https:\/\/acontecenafronteira.com.br\/index.php\/wp-json\/wp\/v2\/media?parent=35404"}],"wp:term":[{"taxonomy":"category","embeddable":true,"href":"https:\/\/acontecenafronteira.com.br\/index.php\/wp-json\/wp\/v2\/categories?post=35404"},{"taxonomy":"post_tag","embeddable":true,"href":"https:\/\/acontecenafronteira.com.br\/index.php\/wp-json\/wp\/v2\/tags?post=35404"}],"curies":[{"name":"wp","href":"https:\/\/api.w.org\/{rel}","templated":true}]}}