{"id":35403,"date":"2026-09-04T19:26:56","date_gmt":"2026-09-04T22:26:56","guid":{"rendered":"https:\/\/acontecenafronteira.com.br\/?p=35403"},"modified":"2026-09-04T19:26:56","modified_gmt":"2026-09-04T22:26:56","slug":"impacto-psicologico-como-brigas-de-pais-afetam-os-filhos","status":"publish","type":"post","link":"https:\/\/acontecenafronteira.com.br\/index.php\/2026\/09\/04\/impacto-psicologico-como-brigas-de-pais-afetam-os-filhos\/","title":{"rendered":"Impacto psicol\u00f3gico: como brigas de pais afetam os filhos"},"content":{"rendered":"<p>O impacto psicol\u00f3gico de discuss\u00f5es p\u00fablicas entre figuras parentais atinge diretamente o desenvolvimento emocional de crian\u00e7as e jovens, segundo especialistas em sa\u00fade mental ouvidos recentemente.<\/p>\n<h2>O peso emocional dos conflitos infantojuvenis<\/h2>\n<p>O recente embate p\u00fablico envolvendo os filhos do ex-casal Luana Piovani e Pedro Scooby trouxe \u00e0 tona discuss\u00f5es sobre os limites da exposi\u00e7\u00e3o de menores na internet e o reflexo dessas brigas na mente dos herdeiros.<\/p>\n<p>Especialistas apontam que os filhos n\u00e3o apenas observam os atritos, mas absorvem o estresse familiar, desenvolvendo sentimentos como medo, ansiedade e at\u00e9 culpa injustificada pelo rompimento ou pelas desaven\u00e7as dos respons\u00e1veis.<\/p>\n<h2>O dilema da lealdade familiar<\/h2>\n<p>Um dos maiores desafios enfrentados pelos menores durante separa\u00e7\u00f5es conflituosas \u00e9 o chamado conflito de lealdade. Nessa din\u00e2mica, a crian\u00e7a sente que demonstrar afeto por um dos genitores pode significar uma trai\u00e7\u00e3o ao outro, gerando um sofrimento emocional desnecess\u00e1rio.<\/p>\n<p>A orienta\u00e7\u00e3o dos profissionais \u00e9 clara: a ruptura conjugal n\u00e3o deve anular a responsabilidade conjunta na cria\u00e7\u00e3o. Quest\u00f5es de adultos precisam ser resolvidas exclusivamente entre os adultos, sem utilizar os filhos como mensageiros ou mediadores.<\/p>\n<h2>Riscos da exposi\u00e7\u00e3o digital<\/h2>\n<p>Quando os desentendimentos ganham as redes sociais, o problema assume propor\u00e7\u00f5es ainda maiores devido \u00e0 cria\u00e7\u00e3o de uma plateia virtual e de um registro digital permanente.<\/p>\n<p>Amigos de escola e a sociedade passam a ter acesso a intimidades familiares, provocando constrangimento e vergonha nos menores envolvidos, que acabam tendo suas vidas expostas sem consentimento pr\u00e9vio.<\/p>\n<p>O limite ideal para a exposi\u00e7\u00e3o p\u00fablica exige bom senso e maturidade dos respons\u00e1veis, que devem sempre ponderar como o conte\u00fado compartilhado na internet poder\u00e1 impactar a autoestima do filho no presente e no futuro.<\/p>\n<p>Por Reda\u00e7\u00e3o Acontece<\/p>\n<p>Foto: Reprodu\u00e7\u00e3o\/Redes Sociais<\/p>\n","protected":false},"excerpt":{"rendered":"<p>O impacto psicol\u00f3gico de discuss\u00f5es p\u00fablicas entre figuras parentais atinge diretamente o desenvolvimento emocional de crian\u00e7as e jovens, segundo especialistas em sa\u00fade mental ouvidos recentemente. O peso emocional dos conflitos infantojuvenis O recente embate p\u00fablico envolvendo os filhos do ex-casal Luana Piovani e Pedro Scooby trouxe \u00e0 tona discuss\u00f5es sobre os limites da exposi\u00e7\u00e3o de [&hellip;]<\/p>\n","protected":false},"author":2,"featured_media":35427,"comment_status":"open","ping_status":"open","sticky":false,"template":"","format":"standard","meta":{"footnotes":""},"categories":[6],"tags":[],"class_list":["post-35403","post","type-post","status-publish","format-standard","has-post-thumbnail","hentry","category-mercosul"],"_links":{"self":[{"href":"https:\/\/acontecenafronteira.com.br\/index.php\/wp-json\/wp\/v2\/posts\/35403","targetHints":{"allow":["GET"]}}],"collection":[{"href":"https:\/\/acontecenafronteira.com.br\/index.php\/wp-json\/wp\/v2\/posts"}],"about":[{"href":"https:\/\/acontecenafronteira.com.br\/index.php\/wp-json\/wp\/v2\/types\/post"}],"author":[{"embeddable":true,"href":"https:\/\/acontecenafronteira.com.br\/index.php\/wp-json\/wp\/v2\/users\/2"}],"replies":[{"embeddable":true,"href":"https:\/\/acontecenafronteira.com.br\/index.php\/wp-json\/wp\/v2\/comments?post=35403"}],"version-history":[{"count":1,"href":"https:\/\/acontecenafronteira.com.br\/index.php\/wp-json\/wp\/v2\/posts\/35403\/revisions"}],"predecessor-version":[{"id":35426,"href":"https:\/\/acontecenafronteira.com.br\/index.php\/wp-json\/wp\/v2\/posts\/35403\/revisions\/35426"}],"wp:featuredmedia":[{"embeddable":true,"href":"https:\/\/acontecenafronteira.com.br\/index.php\/wp-json\/wp\/v2\/media\/35427"}],"wp:attachment":[{"href":"https:\/\/acontecenafronteira.com.br\/index.php\/wp-json\/wp\/v2\/media?parent=35403"}],"wp:term":[{"taxonomy":"category","embeddable":true,"href":"https:\/\/acontecenafronteira.com.br\/index.php\/wp-json\/wp\/v2\/categories?post=35403"},{"taxonomy":"post_tag","embeddable":true,"href":"https:\/\/acontecenafronteira.com.br\/index.php\/wp-json\/wp\/v2\/tags?post=35403"}],"curies":[{"name":"wp","href":"https:\/\/api.w.org\/{rel}","templated":true}]}}