{"id":35402,"date":"2026-09-04T19:26:51","date_gmt":"2026-09-04T22:26:51","guid":{"rendered":"https:\/\/acontecenafronteira.com.br\/?p=35402"},"modified":"2026-09-04T19:26:51","modified_gmt":"2026-09-04T22:26:51","slug":"filipe-luis-brilha-no-monaco-com-virada-historica-sobre-o-psg","status":"publish","type":"post","link":"https:\/\/acontecenafronteira.com.br\/index.php\/2026\/09\/04\/filipe-luis-brilha-no-monaco-com-virada-historica-sobre-o-psg\/","title":{"rendered":"Filipe Lu\u00eds brilha no Monaco com virada hist\u00f3rica sobre o PSG"},"content":{"rendered":"<p>O t\u00e9cnico brasileiro Filipe Lu\u00eds vive um momento espetacular no futebol europeu. Na \u00faltima sexta-feira (4\/9), o seu Monaco conquistou uma vit\u00f3ria impressionante de virada por 2 a 1 sobre o PSG, jogando no Parque dos Pr\u00edncipes, em partida v\u00e1lida pelo Campeonato Franc\u00eas.<\/p>\n<h2>Repercuss\u00e3o e elogios na internet<\/h2>\n<p>Logo ap\u00f3s o apito final, as redes sociais foram tomadas por publica\u00e7\u00f5es exaltando o desempenho da equipe comandada pelo ex-jogador. Internautas destacaram a campanha impec\u00e1vel com 100% de aproveitamento na Ligue 1, somando nove pontos na lideran\u00e7a isolada da competi\u00e7\u00e3o, enquanto o clube parisiense apareceu momentaneamente na 12\u00aa posi\u00e7\u00e3o com apenas dois pontos.<\/p>\n<h2>Destaques em campo e pilares da equipe<\/h2>\n<p>Al\u00e9m do impacto t\u00e1tico do treinador brasileiro, analistas e torcedores apontaram o desempenho do meio-campo como crucial para o sucesso. A dupla formada pelo su\u00ed\u00e7o Denis Zakaria e pelo senegal\u00eas Lamine Camara foi amplamente elogiada por dominar as a\u00e7\u00f5es da partida, neutralizando o setor central do PSG de Luis Enrique e ditando o ritmo tanto na defesa quanto no ataque.<\/p>\n<h2>Pr\u00f3ximos compromissos das equipes<\/h2>\n<p>O in\u00edcio de trajet\u00f3ria de Filipe Lu\u00eds no Velho Continente tamb\u00e9m inclui feitos not\u00e1veis como triunfos fora de casa contra o Liverpool e a classifica\u00e7\u00e3o para a Conference League.<\/p>\n<p>O pr\u00f3ximo desafio do Monaco no torneio nacional acontecer\u00e1 no s\u00e1bado (12\/9), \u00e0s 12h15, contra o Strasbourg, fora de casa. J\u00e1 o PSG foca suas aten\u00e7\u00f5es na estreia da fase de Liga da Champions League, onde enfrentar\u00e1 o Slovan Bratislava na quarta-feira (9\/9), \u00e0s 16h, novamente em seus dom\u00ednios.<\/p>\n<p>Por Reda\u00e7\u00e3o Acontece<\/p>\n<p>Foto: Divulga\u00e7\u00e3o\/Redes Sociais<\/p>\n","protected":false},"excerpt":{"rendered":"<p>O t\u00e9cnico brasileiro Filipe Lu\u00eds vive um momento espetacular no futebol europeu. Na \u00faltima sexta-feira (4\/9), o seu Monaco conquistou uma vit\u00f3ria impressionante de virada por 2 a 1 sobre o PSG, jogando no Parque dos Pr\u00edncipes, em partida v\u00e1lida pelo Campeonato Franc\u00eas. Repercuss\u00e3o e elogios na internet Logo ap\u00f3s o apito final, as redes [&hellip;]<\/p>\n","protected":false},"author":2,"featured_media":35425,"comment_status":"open","ping_status":"open","sticky":false,"template":"","format":"standard","meta":{"footnotes":""},"categories":[6],"tags":[],"class_list":["post-35402","post","type-post","status-publish","format-standard","has-post-thumbnail","hentry","category-mercosul"],"_links":{"self":[{"href":"https:\/\/acontecenafronteira.com.br\/index.php\/wp-json\/wp\/v2\/posts\/35402","targetHints":{"allow":["GET"]}}],"collection":[{"href":"https:\/\/acontecenafronteira.com.br\/index.php\/wp-json\/wp\/v2\/posts"}],"about":[{"href":"https:\/\/acontecenafronteira.com.br\/index.php\/wp-json\/wp\/v2\/types\/post"}],"author":[{"embeddable":true,"href":"https:\/\/acontecenafronteira.com.br\/index.php\/wp-json\/wp\/v2\/users\/2"}],"replies":[{"embeddable":true,"href":"https:\/\/acontecenafronteira.com.br\/index.php\/wp-json\/wp\/v2\/comments?post=35402"}],"version-history":[{"count":1,"href":"https:\/\/acontecenafronteira.com.br\/index.php\/wp-json\/wp\/v2\/posts\/35402\/revisions"}],"predecessor-version":[{"id":35424,"href":"https:\/\/acontecenafronteira.com.br\/index.php\/wp-json\/wp\/v2\/posts\/35402\/revisions\/35424"}],"wp:featuredmedia":[{"embeddable":true,"href":"https:\/\/acontecenafronteira.com.br\/index.php\/wp-json\/wp\/v2\/media\/35425"}],"wp:attachment":[{"href":"https:\/\/acontecenafronteira.com.br\/index.php\/wp-json\/wp\/v2\/media?parent=35402"}],"wp:term":[{"taxonomy":"category","embeddable":true,"href":"https:\/\/acontecenafronteira.com.br\/index.php\/wp-json\/wp\/v2\/categories?post=35402"},{"taxonomy":"post_tag","embeddable":true,"href":"https:\/\/acontecenafronteira.com.br\/index.php\/wp-json\/wp\/v2\/tags?post=35402"}],"curies":[{"name":"wp","href":"https:\/\/api.w.org\/{rel}","templated":true}]}}