{"id":35401,"date":"2026-09-04T19:26:46","date_gmt":"2026-09-04T22:26:46","guid":{"rendered":"https:\/\/acontecenafronteira.com.br\/?p=35401"},"modified":"2026-09-04T19:26:46","modified_gmt":"2026-09-04T22:26:46","slug":"ministro-andre-mendonca-agradece-apoio-e-oracoes-em-meio-a-crise","status":"publish","type":"post","link":"https:\/\/acontecenafronteira.com.br\/index.php\/2026\/09\/04\/ministro-andre-mendonca-agradece-apoio-e-oracoes-em-meio-a-crise\/","title":{"rendered":"Ministro Andr\u00e9 Mendon\u00e7a agradece apoio e ora\u00e7\u00f5es em meio a crise"},"content":{"rendered":"<p>O ministro Andr\u00e9 Mendon\u00e7a, integrante do Supremo Tribunal Federal (STF), publicou um registro em v\u00eddeo para expressar gratid\u00e3o pelas manifesta\u00e7\u00f5es de carinho e respaldo que tem recebido de lideran\u00e7as religiosas recentemente.<\/p>\n<h2>O contexto da crise no STF<\/h2>\n<p>A manifesta\u00e7\u00e3o do magistrado ocorre em um per\u00edodo de turbul\u00eancia na mais alta corte do pa\u00eds. Mendon\u00e7a atua como relator do chamado Caso Master e, em epis\u00f3dios recentes, solicitou que a Pol\u00edcia Federal identificasse os envolvidos na troca de mensagens entre Daniel Vorcaro e o ministro Alexandre de Moraes.<\/p>\n<p>Em decorr\u00eancia da repercuss\u00e3o gerada pelo procedimento, o relator precisar\u00e1 prestar esclarecimentos ao presidente do tribunal, ministro Edson Fachin, para avaliar se houve equ\u00edvoco na dilig\u00eancia requerida \u00e0 corpora\u00e7\u00e3o. Por sua vez, Moraes levantou suspeitas sobre a atua\u00e7\u00e3o do colega, apontando suposta falta de imparcialidade no caso.<\/p>\n<h2>Declara\u00e7\u00f5es e sustenta\u00e7\u00e3o familiar<\/h2>\n<p>Frente a toda a repercuss\u00e3o institucional, o ministro destacou em sua mensagem aos apoiadores que as preces e demonstra\u00e7\u00f5es de solidariedade enviadas a ele e aos seus entes queridos exercem um papel essencial. Segundo o magistrado, esse suporte espiritual tem sido o pilar para <strong>sustentar a ele e a sua fam\u00edlia<\/strong> durante o atual momento de instabilidade no cen\u00e1rio jur\u00eddico nacional.<\/p>\n<p>Por Reda\u00e7\u00e3o Acontece<\/p>\n<p>Imagem: Reprodu\u00e7\u00e3o \/ STF<\/p>\n","protected":false},"excerpt":{"rendered":"<p>O ministro Andr\u00e9 Mendon\u00e7a, integrante do Supremo Tribunal Federal (STF), publicou um registro em v\u00eddeo para expressar gratid\u00e3o pelas manifesta\u00e7\u00f5es de carinho e respaldo que tem recebido de lideran\u00e7as religiosas recentemente. O contexto da crise no STF A manifesta\u00e7\u00e3o do magistrado ocorre em um per\u00edodo de turbul\u00eancia na mais alta corte do pa\u00eds. Mendon\u00e7a atua [&hellip;]<\/p>\n","protected":false},"author":2,"featured_media":35423,"comment_status":"open","ping_status":"open","sticky":false,"template":"","format":"standard","meta":{"footnotes":""},"categories":[6],"tags":[],"class_list":["post-35401","post","type-post","status-publish","format-standard","has-post-thumbnail","hentry","category-mercosul"],"_links":{"self":[{"href":"https:\/\/acontecenafronteira.com.br\/index.php\/wp-json\/wp\/v2\/posts\/35401","targetHints":{"allow":["GET"]}}],"collection":[{"href":"https:\/\/acontecenafronteira.com.br\/index.php\/wp-json\/wp\/v2\/posts"}],"about":[{"href":"https:\/\/acontecenafronteira.com.br\/index.php\/wp-json\/wp\/v2\/types\/post"}],"author":[{"embeddable":true,"href":"https:\/\/acontecenafronteira.com.br\/index.php\/wp-json\/wp\/v2\/users\/2"}],"replies":[{"embeddable":true,"href":"https:\/\/acontecenafronteira.com.br\/index.php\/wp-json\/wp\/v2\/comments?post=35401"}],"version-history":[{"count":1,"href":"https:\/\/acontecenafronteira.com.br\/index.php\/wp-json\/wp\/v2\/posts\/35401\/revisions"}],"predecessor-version":[{"id":35422,"href":"https:\/\/acontecenafronteira.com.br\/index.php\/wp-json\/wp\/v2\/posts\/35401\/revisions\/35422"}],"wp:featuredmedia":[{"embeddable":true,"href":"https:\/\/acontecenafronteira.com.br\/index.php\/wp-json\/wp\/v2\/media\/35423"}],"wp:attachment":[{"href":"https:\/\/acontecenafronteira.com.br\/index.php\/wp-json\/wp\/v2\/media?parent=35401"}],"wp:term":[{"taxonomy":"category","embeddable":true,"href":"https:\/\/acontecenafronteira.com.br\/index.php\/wp-json\/wp\/v2\/categories?post=35401"},{"taxonomy":"post_tag","embeddable":true,"href":"https:\/\/acontecenafronteira.com.br\/index.php\/wp-json\/wp\/v2\/tags?post=35401"}],"curies":[{"name":"wp","href":"https:\/\/api.w.org\/{rel}","templated":true}]}}