{"id":35400,"date":"2026-09-04T19:26:41","date_gmt":"2026-09-04T22:26:41","guid":{"rendered":"https:\/\/acontecenafronteira.com.br\/?p=35400"},"modified":"2026-09-04T19:26:41","modified_gmt":"2026-09-04T22:26:41","slug":"gestores-sao-denunciados-por-desvio-de-r-3-milhoes-em-creches","status":"publish","type":"post","link":"https:\/\/acontecenafronteira.com.br\/index.php\/2026\/09\/04\/gestores-sao-denunciados-por-desvio-de-r-3-milhoes-em-creches\/","title":{"rendered":"Gestores s\u00e3o denunciados por desvio de R$ 3 milh\u00f5es em creches"},"content":{"rendered":"<p>Quatro administradores de uma Organiza\u00e7\u00e3o da Sociedade Civil foram denunciados pelo Minist\u00e9rio P\u00fablico do Distrito Federal e Territ\u00f3rios sob a acusa\u00e7\u00e3o de desviar cerca de <b>R$ 3 milh\u00f5es<\/b> de Centros de Educa\u00e7\u00e3o da Primeira Inf\u00e2ncia. Os envolvidos v\u00e3o responder perante a Justi\u00e7a por <b>organiza\u00e7\u00e3o criminosa<\/b> e 22 acusa\u00e7\u00f5es de peculato, que consiste no desvio de verba p\u00fablica.<\/p>\n<h2>Origem da investiga\u00e7\u00e3o policial<\/h2>\n<p>A acusa\u00e7\u00e3o formal \u00e9 fruto das investiga\u00e7\u00f5es da Opera\u00e7\u00e3o Primeira Inf\u00e2ncia, realizada em 2023 pela Pol\u00edcia Civil do Distrito Federal. O foco principal da apura\u00e7\u00e3o policial foi a gest\u00e3o de cinco creches que mantinham conv\u00eanio com a Secretaria de Educa\u00e7\u00e3o local. Ap\u00f3s a conclus\u00e3o do inqu\u00e9rito, o Minist\u00e9rio P\u00fablico formalizou a den\u00fancia e obteve da Justi\u00e7a o <b>bloqueio de bens<\/b> dos suspeitos para assegurar a recupera\u00e7\u00e3o do montante desviado.<\/p>\n<h2>Modus operandi do grupo criminoso<\/h2>\n<p>Os Cepis s\u00e3o estabelecimentos p\u00fablicos constru\u00eddos pelo governo distrital, por\u00e9m com administra\u00e7\u00e3o financeira e pedag\u00f3gica terceirizada para entidades civis. Aproveitando-se do fluxo cont\u00ednuo de repasses financeiros estatais, o grupo montou um esquema sofisticado de desvio de recursos voltados para a educa\u00e7\u00e3o infantil.<\/p>\n<h3>O papel das empresas fantasmas<\/h3>\n<p>Para concretizar as fraudes, os suspeitos abriram duas empresas de fachada que existiam apenas no papel, sem qualquer estrutura f\u00edsica ou atividade comercial real. O grupo emitia notas fiscais falsas e superfaturadas por meio dessas companhias fantasmas, simulando a aquisi\u00e7\u00e3o de suprimentos e materiais para as cinco unidades de ensino administradas pela entidade parceira.<\/p>\n<p>Com o esquema em funcionamento, os recursos destinados ao ensino infantil sa\u00edam dos cofres das creches sob o pretexto de quitar faturas com os falsos fornecedores. Em seguida, os valores eram sacados e divididos entre os membros da quadrilha que arquitetou o desvio milion\u00e1rio.<\/p>\n<p>O caso segue sob acompanhamento do Poder Judici\u00e1rio, que agora analisa as provas apresentadas pelo Minist\u00e9rio P\u00fablico para dar prosseguimento ao processo penal contra os gestores envolvidos nas irregularidades.<\/p>\n<p>Por Reda\u00e7\u00e3o Acontece<\/p>\n<p>Cr\u00e9ditos da imagem: Divulga\u00e7\u00e3o \/ PCDF<\/p>\n","protected":false},"excerpt":{"rendered":"<p>Quatro administradores de uma Organiza\u00e7\u00e3o da Sociedade Civil foram denunciados pelo Minist\u00e9rio P\u00fablico do Distrito Federal e Territ\u00f3rios sob a acusa\u00e7\u00e3o de desviar cerca de R$ 3 milh\u00f5es de Centros de Educa\u00e7\u00e3o da Primeira Inf\u00e2ncia. Os envolvidos v\u00e3o responder perante a Justi\u00e7a por organiza\u00e7\u00e3o criminosa e 22 acusa\u00e7\u00f5es de peculato, que consiste no desvio de [&hellip;]<\/p>\n","protected":false},"author":2,"featured_media":35421,"comment_status":"open","ping_status":"open","sticky":false,"template":"","format":"standard","meta":{"footnotes":""},"categories":[6],"tags":[],"class_list":["post-35400","post","type-post","status-publish","format-standard","has-post-thumbnail","hentry","category-mercosul"],"_links":{"self":[{"href":"https:\/\/acontecenafronteira.com.br\/index.php\/wp-json\/wp\/v2\/posts\/35400","targetHints":{"allow":["GET"]}}],"collection":[{"href":"https:\/\/acontecenafronteira.com.br\/index.php\/wp-json\/wp\/v2\/posts"}],"about":[{"href":"https:\/\/acontecenafronteira.com.br\/index.php\/wp-json\/wp\/v2\/types\/post"}],"author":[{"embeddable":true,"href":"https:\/\/acontecenafronteira.com.br\/index.php\/wp-json\/wp\/v2\/users\/2"}],"replies":[{"embeddable":true,"href":"https:\/\/acontecenafronteira.com.br\/index.php\/wp-json\/wp\/v2\/comments?post=35400"}],"version-history":[{"count":1,"href":"https:\/\/acontecenafronteira.com.br\/index.php\/wp-json\/wp\/v2\/posts\/35400\/revisions"}],"predecessor-version":[{"id":35420,"href":"https:\/\/acontecenafronteira.com.br\/index.php\/wp-json\/wp\/v2\/posts\/35400\/revisions\/35420"}],"wp:featuredmedia":[{"embeddable":true,"href":"https:\/\/acontecenafronteira.com.br\/index.php\/wp-json\/wp\/v2\/media\/35421"}],"wp:attachment":[{"href":"https:\/\/acontecenafronteira.com.br\/index.php\/wp-json\/wp\/v2\/media?parent=35400"}],"wp:term":[{"taxonomy":"category","embeddable":true,"href":"https:\/\/acontecenafronteira.com.br\/index.php\/wp-json\/wp\/v2\/categories?post=35400"},{"taxonomy":"post_tag","embeddable":true,"href":"https:\/\/acontecenafronteira.com.br\/index.php\/wp-json\/wp\/v2\/tags?post=35400"}],"curies":[{"name":"wp","href":"https:\/\/api.w.org\/{rel}","templated":true}]}}