{"id":35398,"date":"2026-09-04T19:26:31","date_gmt":"2026-09-04T22:26:31","guid":{"rendered":"https:\/\/acontecenafronteira.com.br\/?p=35398"},"modified":"2026-09-04T19:26:31","modified_gmt":"2026-09-04T22:26:31","slug":"exportacoes-do-brasil-para-os-eua-caem-97-com-tarifas-de-trump","status":"publish","type":"post","link":"https:\/\/acontecenafronteira.com.br\/index.php\/2026\/09\/04\/exportacoes-do-brasil-para-os-eua-caem-97-com-tarifas-de-trump\/","title":{"rendered":"Exporta\u00e7\u00f5es do Brasil para os EUA caem 9,7% com tarifas de Trump"},"content":{"rendered":"<p>As exporta\u00e7\u00f5es do Brasil para os Estados Unidos registraram uma queda de 9,7% no acumulado de janeiro a agosto de 2026. O recuo ocorre em meio \u00e0 implementa\u00e7\u00e3o de um novo pacote de sobretaxas comerciais adotado pela gest\u00e3o do presidente americano Donald Trump, afetando diretamente a economia nacional.<\/p>\n<h2>Impacto das novas taxas comerciais<\/h2>\n<p>Os dados foram divulgados pelo Minist\u00e9rio do Desenvolvimento, Ind\u00fastria, Com\u00e9rcio e Servi\u00e7os (MDIC). Apesar do resultado negativo no acumulado dos oito meses, o m\u00eas de agosto apresentou uma alta isolada de 12,1% nas vendas externas para o pa\u00eds norte-americano.<\/p>\n<p>Cerca de 23% dos produtos brasileiros enviados aos Estados Unidos foram atingidos pelas barreiras alfandeg\u00e1rias. As al\u00edquotas adicionais chegam a patamares entre 25% e 37,5%, atingindo setores fundamentais como a\u00e7o, madeira, sucos e itens de origem animal.<\/p>\n<h2>Desempenho da carne bovina e cen\u00e1rio global<\/h2>\n<p>No com\u00e9rcio exterior geral, as exporta\u00e7\u00f5es de carne bovina \u2014 cuja principal pra\u00e7a compradora \u00e9 a China \u2014 sofreram uma retra\u00e7\u00e3o de 19,7% em agosto. De acordo com o diretor de Estat\u00edsticas e Estudos de Com\u00e9rcio Exterior, Herlon Brand\u00e3o, o movimento decorre da proximidade do esgotamento da cota chinesa.<\/p>\n<p>O avan\u00e7o nas vendas ocorreu para evitar a aplica\u00e7\u00e3o de uma tarifa extracota de 55% imposta pelo mercado asi\u00e1tico, o que gerou uma antecipa\u00e7\u00e3o e posterior desacelera\u00e7\u00e3o nos embarques brasileiros.<\/p>\n<h2>Balan\u00e7a comercial por setores e regi\u00f5es<\/h2>\n<p>Em agosto, os resultados das exporta\u00e7\u00f5es brasileiras dividiram-se em US$ 7,4 bilh\u00f5es na agropecu\u00e1ria, US$ 8,3 bilh\u00f5es na ind\u00fastria extrativa e US$ 17,2 bilh\u00f5es na ind\u00fastria de transforma\u00e7\u00e3o.<\/p>\n<p>No mesmo per\u00edodo, o destino das vendas externas apontou a lideran\u00e7a da \u00c1sia (US$ 13,5 bilh\u00f5es), seguida por Am\u00e9rica do Norte (US$ 4,5 bilh\u00f5es), Europa (US$ 7,3 bilh\u00f5es) e Am\u00e9rica do Sul (US$ 3,6 bilh\u00f5es). As importa\u00e7\u00f5es nacionais totalizaram montantes significativos em bens intermedi\u00e1rios, bens de capital, consumo e combust\u00edveis.<\/p>\n<p>As medidas protecionistas continuam a redesenhar as rotas do com\u00e9rcio exterior brasileiro, exigindo adapta\u00e7\u00e3o dos exportadores frente ao cen\u00e1rio internacional adverso.<\/p>\n<p>Por Reda\u00e7\u00e3o Acontece<\/p>\n<p>Foto: Divulga\u00e7\u00e3o \/ MDIC<\/p>\n","protected":false},"excerpt":{"rendered":"<p>As exporta\u00e7\u00f5es do Brasil para os Estados Unidos registraram uma queda de 9,7% no acumulado de janeiro a agosto de 2026. O recuo ocorre em meio \u00e0 implementa\u00e7\u00e3o de um novo pacote de sobretaxas comerciais adotado pela gest\u00e3o do presidente americano Donald Trump, afetando diretamente a economia nacional. Impacto das novas taxas comerciais Os dados [&hellip;]<\/p>\n","protected":false},"author":2,"featured_media":35417,"comment_status":"open","ping_status":"open","sticky":false,"template":"","format":"standard","meta":{"footnotes":""},"categories":[6],"tags":[],"class_list":["post-35398","post","type-post","status-publish","format-standard","has-post-thumbnail","hentry","category-mercosul"],"_links":{"self":[{"href":"https:\/\/acontecenafronteira.com.br\/index.php\/wp-json\/wp\/v2\/posts\/35398","targetHints":{"allow":["GET"]}}],"collection":[{"href":"https:\/\/acontecenafronteira.com.br\/index.php\/wp-json\/wp\/v2\/posts"}],"about":[{"href":"https:\/\/acontecenafronteira.com.br\/index.php\/wp-json\/wp\/v2\/types\/post"}],"author":[{"embeddable":true,"href":"https:\/\/acontecenafronteira.com.br\/index.php\/wp-json\/wp\/v2\/users\/2"}],"replies":[{"embeddable":true,"href":"https:\/\/acontecenafronteira.com.br\/index.php\/wp-json\/wp\/v2\/comments?post=35398"}],"version-history":[{"count":1,"href":"https:\/\/acontecenafronteira.com.br\/index.php\/wp-json\/wp\/v2\/posts\/35398\/revisions"}],"predecessor-version":[{"id":35416,"href":"https:\/\/acontecenafronteira.com.br\/index.php\/wp-json\/wp\/v2\/posts\/35398\/revisions\/35416"}],"wp:featuredmedia":[{"embeddable":true,"href":"https:\/\/acontecenafronteira.com.br\/index.php\/wp-json\/wp\/v2\/media\/35417"}],"wp:attachment":[{"href":"https:\/\/acontecenafronteira.com.br\/index.php\/wp-json\/wp\/v2\/media?parent=35398"}],"wp:term":[{"taxonomy":"category","embeddable":true,"href":"https:\/\/acontecenafronteira.com.br\/index.php\/wp-json\/wp\/v2\/categories?post=35398"},{"taxonomy":"post_tag","embeddable":true,"href":"https:\/\/acontecenafronteira.com.br\/index.php\/wp-json\/wp\/v2\/tags?post=35398"}],"curies":[{"name":"wp","href":"https:\/\/api.w.org\/{rel}","templated":true}]}}